{"id":3207,"date":"2015-06-02T15:18:48","date_gmt":"2015-06-02T15:18:48","guid":{"rendered":"http:\/\/www.artf.ni.ac.rs\/koncertnasezona\/?p=3207"},"modified":"2015-06-09T13:12:17","modified_gmt":"2015-06-09T13:12:17","slug":"kings-of-music-1","status":"publish","type":"post","link":"http:\/\/koncertnasezona.artf.ni.ac.rs\/index.php\/kings-of-music-1\/","title":{"rendered":"KINGS OF MUSIC 1"},"content":{"rendered":"<p><b>Sreda 10. jun 2015. 21h<\/b><\/p>\n<p><b>Galerija Sinagoga<\/b><\/p>\n<p>&nbsp;<\/p>\n<p><strong>KINGS OF MUSIC 1<\/strong><\/p>\n<p>Koncert profesora FU povodom jubileja 50 godina Univerziteta u Ni\u0161u<\/p>\n<p>&nbsp;<\/p>\n<p>&nbsp;<\/p>\n<p><strong>PROGRAM<\/strong><\/p>\n<p>&nbsp;<\/p>\n<p>K. Debisi \u2013 Prelid za popodne jednog Fauna<\/p>\n<p><strong>mr An\u0111ela Brati\u0107, flauta<\/strong><br \/>\n<strong>spec. Milo\u0161 Mijatovi\u0107, klarinet<\/strong><br \/>\n<strong>mr Ivan Novakovi\u0107, klavirska saradnja<\/strong><\/p>\n<p>&nbsp;<\/p>\n<p>I. Stravinski \u2013 Italijanska svita za violinu i klavir<br \/>\n<em>1. Introduzione<\/em><br \/>\n<em>2. Serenata<\/em><br \/>\n<em>3. Tarantella<\/em><br \/>\n<em>4. Gavotta con due Variazioni<\/em><br \/>\n<em>5. Scherzino<\/em><br \/>\n<em>6. Minuetto e Finale<\/em><\/p>\n<p>Stephan Grappelli &#8211; Rolls<\/p>\n<p><strong>dr Mina Mendelson, violina<\/strong><br \/>\n<strong>Senka Simonovi\u0107, klavirska saradnja<\/strong><\/p>\n<p>&nbsp;<\/p>\n<p>K. Debisi \u2013 Prelude br.5, book 2 \u2013 Bruyeres<br \/>\nF. \u0160open \u2013 Sonata op.35 br.2 b-moll<br \/>\n<strong><\/strong><\/p>\n<p><strong>Andrija Mamutovi\u0107, klavir<\/strong><\/p>\n<p>&nbsp;<\/p>\n<p>\u0110. Botesini \u2013 Koncert za kontrabas i orkestar br.2, h-moll, I stav<br \/>\n\u0110. Botesini \u2013 Norma, Fantasia na Belinijevu temu<br \/>\n<strong><\/strong><\/p>\n<p><strong>Ljubinko Lazi\u0107, kontrabas<\/strong><br \/>\n<strong>Senka Simonovi\u0107, klavirska saradnja<\/strong><\/p>\n<p>&nbsp;<\/p>\n<p>K. Babi\u0107 \u2013 U mom kraju, Volim tvoje ruke, Vrana i orao<br \/>\n<strong><\/strong><\/p>\n<p><strong>Trio Anima<\/strong><br \/>\nmr Aleksandra Risti\u0107,mecosopran<br \/>\nspec. Ana Veli\u010dkovi\u0107 \u2013 Igi\u0107, flauta<br \/>\nspec. Ingrid Konard Jankovi\u0107, klavir<\/p>\n","protected":false},"excerpt":{"rendered":"<p>Sreda 10. jun 2015. 21h Galerija Sinagoga &nbsp; KINGS OF MUSIC 1 Koncert profesora FU povodom jubileja 50 godina Univerziteta u Ni\u0161u &nbsp; &nbsp; PROGRAM &nbsp; K. Debisi \u2013 Prelid za popodne jednog Fauna mr An\u0111ela Brati\u0107, flauta spec. Milo\u0161 Mijatovi\u0107, klarinet mr Ivan Novakovi\u0107, klavirska saradnja &nbsp; I. Stravinski \u2013 Italijanska svita za violinu [&hellip;]<\/p>\n","protected":false},"author":1,"featured_media":3250,"comment_status":"open","ping_status":"open","sticky":false,"template":"","format":"standard","meta":{"ngg_post_thumbnail":0},"categories":[8],"tags":[],"_links":{"self":[{"href":"http:\/\/koncertnasezona.artf.ni.ac.rs\/index.php\/wp-json\/wp\/v2\/posts\/3207"}],"collection":[{"href":"http:\/\/koncertnasezona.artf.ni.ac.rs\/index.php\/wp-json\/wp\/v2\/posts"}],"about":[{"href":"http:\/\/koncertnasezona.artf.ni.ac.rs\/index.php\/wp-json\/wp\/v2\/types\/post"}],"author":[{"embeddable":true,"href":"http:\/\/koncertnasezona.artf.ni.ac.rs\/index.php\/wp-json\/wp\/v2\/users\/1"}],"replies":[{"embeddable":true,"href":"http:\/\/koncertnasezona.artf.ni.ac.rs\/index.php\/wp-json\/wp\/v2\/comments?post=3207"}],"version-history":[{"count":5,"href":"http:\/\/koncertnasezona.artf.ni.ac.rs\/index.php\/wp-json\/wp\/v2\/posts\/3207\/revisions"}],"predecessor-version":[{"id":3275,"href":"http:\/\/koncertnasezona.artf.ni.ac.rs\/index.php\/wp-json\/wp\/v2\/posts\/3207\/revisions\/3275"}],"wp:featuredmedia":[{"embeddable":true,"href":"http:\/\/koncertnasezona.artf.ni.ac.rs\/index.php\/wp-json\/wp\/v2\/media\/3250"}],"wp:attachment":[{"href":"http:\/\/koncertnasezona.artf.ni.ac.rs\/index.php\/wp-json\/wp\/v2\/media?parent=3207"}],"wp:term":[{"taxonomy":"category","embeddable":true,"href":"http:\/\/koncertnasezona.artf.ni.ac.rs\/index.php\/wp-json\/wp\/v2\/categories?post=3207"},{"taxonomy":"post_tag","embeddable":true,"href":"http:\/\/koncertnasezona.artf.ni.ac.rs\/index.php\/wp-json\/wp\/v2\/tags?post=3207"}],"curies":[{"name":"wp","href":"https:\/\/api.w.org\/{rel}","templated":true}]}}