{"id":3763,"date":"2016-09-28T09:46:59","date_gmt":"2016-09-28T09:46:59","guid":{"rendered":"http:\/\/www.artf.ni.ac.rs\/koncertnasezona\/?p=3763"},"modified":"2016-09-28T10:08:18","modified_gmt":"2016-09-28T10:08:18","slug":"koncert-studenata-klavira-2","status":"publish","type":"post","link":"http:\/\/koncertnasezona.artf.ni.ac.rs\/index.php\/koncert-studenata-klavira-2\/","title":{"rendered":"Koncert studenata klavira"},"content":{"rendered":"<p><b>Utorak 04. oktobar 2016. 20h<\/b><\/p>\n<p>Koncertno-izlo\u017ebeni prostor FU, Knja\u017eeva\u010dka 2a<\/p>\n<p>&nbsp;<\/p>\n<p><strong>Koncert studenata klavira<\/strong><\/p>\n<p>&nbsp;<\/p>\n<p><b><b>Natali Vidanovi\u0107<\/b><\/b><\/p>\n<p><b><b>Vera Radisavljevi\u0107<\/b><\/b><\/p>\n<p><b><b>An\u0111ela Stankovi\u0107<\/b><\/b><\/p>\n<p>Klasa: mr Jovanka Aran\u0111elovi\u0107<\/p>\n<p>&nbsp;<\/p>\n<p>&nbsp;<\/p>\n<p><strong>PROGRAM<\/strong><\/p>\n<p>&nbsp;<\/p>\n<p><b><b>Natali Vidanovi\u0107, klavir<\/b><\/b><\/p>\n<p><b>J. Haydn<\/b> &#8211; Sonata Hob. XVI:52 u Es-duru<br \/>\n<i>Allegro (Moderato)<\/i><br \/>\n<i>Adagio<\/i><br \/>\n<i>Finale Presto<\/i><\/p>\n<p><b>J. Brahms<\/b> &#8211; Rhapsodie agitato op.79 no.1<\/p>\n<p>&nbsp;<\/p>\n<p><b><b>Vera Radisavljevi\u0107, klavir<\/b><\/b><\/p>\n<p><b>W. A. Mozart<\/b> &#8211; Rondo a-moll K.511<\/p>\n<p><b>F. Schubert<\/b> &#8211; Sonata a-moll D.784<\/p>\n<p><i>Allegro giusto<\/i><\/p>\n<p><i>Andante<\/i><\/p>\n<p><i>Allegro vivace<\/i><\/p>\n<p>&nbsp;<\/p>\n<p><b><b>An\u0111ela Stankovi\u0107, klavir<\/b><\/b><\/p>\n<p><b>L. V. Beethoven<\/b> &#8211; Sonata op.109<\/p>\n<p><i>Vivace, ma non tropo\/ Adagio espressivo<\/i><\/p>\n<p><i>Prestissimo<\/i><\/p>\n<p><i>Andante, molto cantabile ed espressivo<\/i><\/p>\n<p><b>S. Prokofjev<\/b> &#8211; Prolazne vizije<\/p>\n<p>&nbsp;<\/p>\n<p>&nbsp;<\/p>\n<p><b>BIOGRAFIJE\u00a0<\/b><\/p>\n<p>&nbsp;<\/p>\n<p style=\"text-align: justify;\"><strong><img decoding=\"async\" loading=\"lazy\" class=\"alignleft size-medium wp-image-3772\" alt=\"Natali[1]\" src=\"http:\/\/koncertnasezona.artf.ni.ac.rs\/wp-content\/uploads\/Natali1-207x300.jpg\" width=\"207\" height=\"300\" srcset=\"http:\/\/koncertnasezona.artf.ni.ac.rs\/wp-content\/uploads\/Natali1-207x300.jpg 207w, http:\/\/koncertnasezona.artf.ni.ac.rs\/wp-content\/uploads\/Natali1.jpg 621w\" sizes=\"(max-width: 207px) 100vw, 207px\" \/>Natali Vidanovi\u0107<\/strong> je ro\u0111ena u Pirotu 1993.godine, gde je i zavr\u0161ila ni\u017eu muzi\u010dku \u0161kolu \u201cDr. Dragutin Gostu\u0161ki\u201d. Srednju muzi\u010dku \u0161kolu je zavr\u0161ila u Ni\u0161u, 2012-te godine, u klasi prof.Mirjane Mladenovi\u0107, a iste te godine je upisala\u00a0 Fakultet umetnosti u Ni\u0161u, u klasi prof. Jovanke Aran\u0111elovi\u0107. U ni\u017eoj i srednjoj \u0161koli je u\u010destvovala na mnogim takmi\u010denjima i osvajala nagrade. Nastupala je na koncertima u raznim gradovima \u0161irom Srbije i kao solista i kao korepetitor. \u010clan je klavirskog dua \u201cDuo Art\u201d, sa kojim je tako\u0111e zabele\u017eila brojne nastupe i nagrade na takmi\u010denjima. Sada je student zavr\u0161ne godine, osnovnih studija, Fakulteta umetnosti u Ni\u0161u.<\/p>\n<p>&nbsp;<\/p>\n<p>&nbsp;<\/p>\n<p>&nbsp;<\/p>\n<p style=\"text-align: justify;\"><b><img decoding=\"async\" loading=\"lazy\" class=\"alignleft size-medium wp-image-3773\" alt=\"Vera\" src=\"http:\/\/koncertnasezona.artf.ni.ac.rs\/wp-content\/uploads\/Vera-300x224.jpg\" width=\"300\" height=\"224\" srcset=\"http:\/\/koncertnasezona.artf.ni.ac.rs\/wp-content\/uploads\/Vera-300x224.jpg 300w, http:\/\/koncertnasezona.artf.ni.ac.rs\/wp-content\/uploads\/Vera.jpg 600w\" sizes=\"(max-width: 300px) 100vw, 300px\" \/>Vera Radisavljevi\u0107 <\/b>je<b> r<\/b>o\u0111ena u Ni\u0161u, 1993.godine. Ni\u017eu muzi\u010dku \u0161kolu poha\u0111a u klasi prof.Milene Rajkovi\u0107. Srednju muzi\u010dku \u0161kolu zavr\u0161ava u klasi prof.Vanje Jeli\u0107. Za to vreme nastupa na brojnim takmi\u010denjima u Srbiji, Makedoniji i Italiji i posti\u017ee odli\u010dne rezultate. Od 2012.godine je student Fakulteta umetnosti u Ni\u0161u. Usavr\u0161avala se na majstorskim kursevima eminentnih pijanista i pedagoga. Tokom studija nastupala je na koncertima u raznim gradovima \u0161irom Srbije.<\/p>\n<p>&nbsp;<\/p>\n<p>&nbsp;<\/p>\n<p style=\"text-align: justify;\"><b><img decoding=\"async\" loading=\"lazy\" class=\"alignleft size-medium wp-image-3775\" alt=\"Andjela\" src=\"http:\/\/koncertnasezona.artf.ni.ac.rs\/wp-content\/uploads\/Andjela-300x199.jpg\" width=\"300\" height=\"199\" srcset=\"http:\/\/koncertnasezona.artf.ni.ac.rs\/wp-content\/uploads\/Andjela-300x199.jpg 300w, http:\/\/koncertnasezona.artf.ni.ac.rs\/wp-content\/uploads\/Andjela-207x136.jpg 207w, http:\/\/koncertnasezona.artf.ni.ac.rs\/wp-content\/uploads\/Andjela-140x94.jpg 140w, http:\/\/koncertnasezona.artf.ni.ac.rs\/wp-content\/uploads\/Andjela.jpg 720w\" sizes=\"(max-width: 300px) 100vw, 300px\" \/>An\u0111ela Stankovi\u0107<\/b>,<b>\u00a0<\/b>ni\u017eu muzi\u010dku \u0161kolu zavr\u0161ila je u Prokuplju, u klasi profesora Vladimira Drobnjaka, a srednju muzi\u010dku \u0161kolu u Ni\u0161u kao u\u010denik generacije, u klasi prof. Nata\u0161e Petrovi\u0107. Svoje muzi\u010dke po\u010detke obele\u017eila je nastupima na de\u010djim festivalima \u0161irom zemlje, od kojih je i de\u010dji festival &#8220;Neka ljubav vlada Srbijom&#8221; u Beogradu. U\u010destvovala je i osvajala nagrade\u00a0 na brojnim takmi\u010denjima i festivalima u zemlji i inostranstvu: U Beogradu, Ni\u0161u, Vranju, Kova\u010dici, Kragujevcu, Kru\u0161evcu, \u0160apcu, Herceg Novom, Banja Luci, Bijeljini, Kavadarcima, Kavarni, itd&#8230; Zna\u010dajan uspeh\u00a0 predstavlja i II nagrada na takmi\u010denju mladih pijanista U Barleti (Italija). Lauret je kategorije takmi\u010denja kamerne muzike u Kavadarcima i Na takmi\u010denju Mladih pijanista u Ni\u0161u u kategoriji klavirski duo. Dobitnik je prve i specijalne nagrade na takmi\u010denju &#8220;Donne in musica&#8221; u Kragujevcu za izvo\u0111enje kompozicije &#8220;Tajni strah&#8221; sa kvartetom &#8220;Belcanto&#8221; maja 2015.godine. Ove godine je kao \u010dlan tria &#8220;Eho&#8221; dobitnik tako\u0111e prve nagrade na takmi\u010denju &#8220;Bruna \u0160piler&#8221; u Herceg Novom. Usavr\u0161avala se kod brojnih pedagoga, kao \u0161to su Boris Kraljevi\u0107, Jurij Kot, \u0110or\u0111e Milojkovi\u0107, Aleksandra Pavlovi\u0107, Mi\u0161a Daci\u0107 i dr. Poha\u0111ala je kurseve barokne muzike. Dobitnik je stipendije op\u0161tine Prokuplje, republi\u010dke stipendije i stipendije &#8220;Dositeja&#8221;. Nastupila je kao solista sa Ni\u0161kim simfonijskim orkestrom, pod upravom dirigenta mr Zorana Stanisavljevi\u0107a. Trenutno je na zavr\u0161noj godini osnovnih akademskih studija, u klasi prof.Jovanke\u00a0 Aran\u0111elovi\u0107.<\/p>\n<p><b>\u00a0<\/b><\/p>\n","protected":false},"excerpt":{"rendered":"<p>Utorak 04. oktobar 2016. 20h Koncertno-izlo\u017ebeni prostor FU, Knja\u017eeva\u010dka 2a &nbsp; Koncert studenata klavira &nbsp; Natali Vidanovi\u0107 Vera Radisavljevi\u0107 An\u0111ela Stankovi\u0107 Klasa: mr Jovanka Aran\u0111elovi\u0107 &nbsp; &nbsp; PROGRAM &nbsp; Natali Vidanovi\u0107, klavir J. Haydn &#8211; Sonata Hob. XVI:52 u Es-duru Allegro (Moderato) Adagio Finale Presto J. Brahms &#8211; Rhapsodie agitato op.79 no.1 &nbsp; Vera Radisavljevi\u0107, [&hellip;]<\/p>\n","protected":false},"author":1,"featured_media":3778,"comment_status":"open","ping_status":"open","sticky":false,"template":"","format":"standard","meta":{"ngg_post_thumbnail":0},"categories":[9],"tags":[],"_links":{"self":[{"href":"http:\/\/koncertnasezona.artf.ni.ac.rs\/index.php\/wp-json\/wp\/v2\/posts\/3763"}],"collection":[{"href":"http:\/\/koncertnasezona.artf.ni.ac.rs\/index.php\/wp-json\/wp\/v2\/posts"}],"about":[{"href":"http:\/\/koncertnasezona.artf.ni.ac.rs\/index.php\/wp-json\/wp\/v2\/types\/post"}],"author":[{"embeddable":true,"href":"http:\/\/koncertnasezona.artf.ni.ac.rs\/index.php\/wp-json\/wp\/v2\/users\/1"}],"replies":[{"embeddable":true,"href":"http:\/\/koncertnasezona.artf.ni.ac.rs\/index.php\/wp-json\/wp\/v2\/comments?post=3763"}],"version-history":[{"count":8,"href":"http:\/\/koncertnasezona.artf.ni.ac.rs\/index.php\/wp-json\/wp\/v2\/posts\/3763\/revisions"}],"predecessor-version":[{"id":3783,"href":"http:\/\/koncertnasezona.artf.ni.ac.rs\/index.php\/wp-json\/wp\/v2\/posts\/3763\/revisions\/3783"}],"wp:featuredmedia":[{"embeddable":true,"href":"http:\/\/koncertnasezona.artf.ni.ac.rs\/index.php\/wp-json\/wp\/v2\/media\/3778"}],"wp:attachment":[{"href":"http:\/\/koncertnasezona.artf.ni.ac.rs\/index.php\/wp-json\/wp\/v2\/media?parent=3763"}],"wp:term":[{"taxonomy":"category","embeddable":true,"href":"http:\/\/koncertnasezona.artf.ni.ac.rs\/index.php\/wp-json\/wp\/v2\/categories?post=3763"},{"taxonomy":"post_tag","embeddable":true,"href":"http:\/\/koncertnasezona.artf.ni.ac.rs\/index.php\/wp-json\/wp\/v2\/tags?post=3763"}],"curies":[{"name":"wp","href":"https:\/\/api.w.org\/{rel}","templated":true}]}}