{"id":3829,"date":"2016-11-01T13:22:28","date_gmt":"2016-11-01T13:22:28","guid":{"rendered":"http:\/\/www.artf.ni.ac.rs\/koncertnasezona\/?p=3829"},"modified":"2016-11-01T14:29:20","modified_gmt":"2016-11-01T14:29:20","slug":"trio-san","status":"publish","type":"post","link":"http:\/\/koncertnasezona.artf.ni.ac.rs\/index.php\/trio-san\/","title":{"rendered":"Trio SAN"},"content":{"rendered":"<p><strong>Utorak, 22. novembar 2016. 20h<\/strong><br \/>\n<strong>Koncertno-izlo\u017ebeni prosstor FU, Knja\u017eeva\u010dka 2a<\/strong><\/p>\n<p>Koncert u okviru\u00a0<a href=\"http:\/\/koncertnasezona.artf.ni.ac.rs\/index.php\/konkurs-2016\/\" target=\"_blank\">Konkursa FU<\/a><\/p>\n<p>&nbsp;<\/p>\n<p><strong>Trio\u00a0<em>SAN<\/em><\/strong><br \/>\nNenad Miti\u0107, klarinet<br \/>\nAleksandra Stojiljkovi\u0107, violina<br \/>\nStipe Bili\u0107, klavir<\/p>\n<p>&nbsp;<\/p>\n<p>&nbsp;<\/p>\n<p><strong>PROGRAM<\/strong><\/p>\n<p>&nbsp;<\/p>\n<p><b>Darius Milhaud <\/b>&#8211;\u00a0Suite, Op. 157b<br \/>\n<i>Ouverture<\/i><br \/>\n<i>Divertissement<\/i><br \/>\n<i>Jeu<\/i><br \/>\n<i>Introduction et Final <\/i><\/p>\n<p>&nbsp;<\/p>\n<p><b>Hans G\u00e1l <\/b>&#8211;\u00a0Trio za violinu, klarinet i klavir, Op. 97<br \/>\n<i>Moderato assai<\/i><br \/>\n<i>Andantino capricciosso, poco sostenuto<\/i><br \/>\n<i>Allegreto<\/i><\/p>\n<p>&nbsp;<\/p>\n<p><b>Johann Baptist\u00a0 Vanhal <\/b>&#8211;\u00a0Trio za klarinet, violinu i klavir, Op. 20 No.5<br \/>\n<i>Allegro<\/i><br \/>\n<i>Grazioso<\/i><br \/>\n<i>Allegretto<\/i><\/p>\n<p>&nbsp;<\/p>\n<p><b>Aram Il&#8217;yich Khachaturian <\/b>&#8211;\u00a0Trio za klarinet, violinu i klavir, g-mol<br \/>\n<i>Andante con dolore, con molt&#8217;espressione<\/i><br \/>\n<em>Allegro<\/em><br \/>\n<em>Moderato<\/em><\/p>\n<p>&nbsp;<\/p>\n<p>&nbsp;<\/p>\n<p><strong>BIOGRAFIJE<\/strong><\/p>\n<p>&nbsp;<\/p>\n<p><img decoding=\"async\" loading=\"lazy\" class=\" wp-image-3862 alignnone\" alt=\"Trio SAN web\" src=\"http:\/\/koncertnasezona.artf.ni.ac.rs\/wp-content\/uploads\/Trio-SAN-web-1024x509.jpg\" width=\"655\" height=\"326\" srcset=\"http:\/\/koncertnasezona.artf.ni.ac.rs\/wp-content\/uploads\/Trio-SAN-web-1024x509.jpg 1024w, http:\/\/koncertnasezona.artf.ni.ac.rs\/wp-content\/uploads\/Trio-SAN-web-300x149.jpg 300w, http:\/\/koncertnasezona.artf.ni.ac.rs\/wp-content\/uploads\/Trio-SAN-web.jpg 1500w\" sizes=\"(max-width: 655px) 100vw, 655px\" \/><\/p>\n<p>&nbsp;<\/p>\n<p><strong>Nenad Miti\u0107, klarinet<\/strong><\/p>\n<p style=\"text-align: justify;\">Nenad Miti\u0107 je ro\u0111en 1988. u Ni\u0161u gde je zavr\u0161io ni\u017eu i srednju muzi\u010dku \u0161kolu u klasi prof. Vitomira Miti\u0107a, a potom i osnovne studije na Fakultetu umetnosti u Ni\u0161u u klasi prof. Ante Grgina. Dalje obrazovanje je nastavio na Univerzitetu za muziku i izvo\u0111a\u010dke umetnosti u Gracu (Universit\u00e4t f\u00fcr Musik und darstellende Kunst Graz) gde je zavr\u0161io master studije klarineta, koncertni smer, u klasi prof. Stefan Schilling-a, solo klarinetiste Simfonijskog orkestra Bavarskog radija (Symphonieorchester des Bayerischen Rundfunks, M\u00fcnchen). Dodatno se usavr\u0161avao na majstorskim kursevima kod eminentnih pedagoga kao \u0161to su: Sabine Meyer, Wenzel Fuchs, Reiner Wehle, Nicholas Cox. Trenutno poha\u0111a studije instrumentalne pedagogije, kao i kamerne muzike u klasi prof. Markus Sch\u00f6n-a, solo klarinetiste Bavarske dr\u017eavne opere (Bayerische Staatsoper, M\u00fcnchen). Na me\u0111unarodnom takmi\u010denju \u201eDavorin Jenko\u201c u Beogradu je 2009. osvojio prvu nagradu \u2013 laureat u solo kategoriji, a na istom takmi\u010denju, kao i na me\u0111unarodnom takmi\u010denju kamernih sastava duva\u010da u Pan\u010devu je osvajao prve nagrade sa kamernim sastavima 2006., 2008. i 2011. godine. Bio je \u010dlan Toskanskog internacionalnog omladinskog orkestra iz Firenze (Tuscan international youth orchestra), Simfonijskog orkestra mladih Srbije, Kamernog orkestra \u201eConcertante\u201c i Omladinske filharmonije grada Ni\u0161a. Tako\u0111e je bio u\u010desnih orkestarskih projekata simfonijskog, operskog i duva\u010dkog orkestra Univerziteta za muziku i izvo\u0111a\u010dke umetnosti u Gracu. Bio je stipendista Fonda za mlade talente Republike Srbije, \u00d6sterreichische Hochsch\u00fclerInnenschaft, grada Ni\u0161a, Fondacije Sveta Petka i Ni\u0161Art Fondacije. Dobitnik je pohvalnice NJ.K.V. Prestolonaslednika Aleksandra II, specijalnog priznanja Konstantinove stipendije i plakete \u201eDositeja\u201c Ministarstva za omladinu i sport Republike Srbije. Autor je knjige \u201eDie Klarinette in der Oper\u201c koju je objavila izdava\u010dka ku\u0107a Akademiker Verlag iz grupacije OmniScriptum GmbH &amp; Co, Saarbr\u00fccken, 2016. godine.<\/p>\n<p>&nbsp;<\/p>\n<p style=\"text-align: justify;\"><strong>Aleksandra Stojiljkovi\u0107, violina<\/strong><\/p>\n<p style=\"text-align: justify;\">Aleksandra Stojiljkovi\u0107 je ro\u0111ena 1990. u Beogradu. Svoje osnovne i master studije je zavrsila u Beogradu u klasi prof. Marije Spengler. Trenutno je na zavr\u0161noj godini master studija za kamernu muziku, kao i master studija za violinu (solisti\u010dka diploma) na Univerzitetu za muziku i izvo\u0111a\u010dke umetnosti u Gracu (Universit\u00e4t f\u00fcr Musik und darstellende Kunst Graz) u klasi prof. Ida Bieler i prof. Chia Chou. Svoj talenat je pokazala odmalena, na republi\u010dkim i saveznim takmi\u010denjima je redovno osvajala prve nagrade, kao i na me\u0111unarodnom takmi\u010denju u Sremskoj Mitrovici sa svojim klavirskim triom. Na me\u0111unarodnom takmi\u010denju &#8220;Beogradski pobednik&#8221; je dobitnik druge nagrade. U toku svojih studija u Beogradu nastupala je kao solista i sa kamernim ansamblima u svim zna\u010dajnijim salama u Srbiji i inostranstvu (Gr\u010dka, Nema\u010dka, \u0160panija, Francuska) gde je dobijala velika priznanja. U Austriji redovno nastupa sa svojim kamernim ansamblom u Be\u010du i Gracu. Takodje, sa svojim kvartetom nastupa kao predstavnik univerziteta na bitnim me\u0111unarodnim dogadjajima, od kojih se isti\u010de &#8220;International week&#8221; koji se tradicionalno odr\u017eava svake godine u Gracu. Nastupala je i kao \u010dlan Neuphilharmoniker orkestra u Frankfurtu i u\u010destvovala na letnjem projektu Be\u010dke filharmonije. Tu je radila i svirala sa regularnim \u010dlanovima Be\u010dke filharmonije. \u010clan je i GK filmskog orkestra iz Be\u010da, gde je na poziciji vo\u0111e drugih violina. Pored njih radila je sa renomiranim profesorima kao sto su Stefan Goerner, Boris Ku\u0161nir, Vesna Stankovi\u0107, Igor Ozim, Petru Munteanu, Mateja Marinkovi\u0107, Ivry Gitlis i drugi.<\/p>\n<p>&nbsp;<\/p>\n<p style=\"text-align: justify;\"><strong>Stipe Bili\u0107, klavir<\/strong><\/p>\n<p style=\"text-align: justify;\">Stipe Bili\u0107 ro\u0111en je u Rijeci 1992. godine gde je i zapo\u010deo svoje muzi\u010dko obrazovanje u Glazbenoj \u0161koli Ivana Mateti\u0107a Ronjgova. Diplomirao je klavir na Muzi\u010dkoj akademiji u Zagrebu u klasi prof. Rubena Dalibaltayana, a dalje studije je nastavio na Univerzitetu za muziku i izvo\u0111a\u010dke umetnosti u Grazu (Universit\u00e4t f\u00fcr Musik und darstellende Kunst Graz) u klasi prof. Milane Chernyavske. Paralelno, tre\u0107u godinu zaredom, polaznik je majstorskih radionica kod prof. Elisso Virsaladze na Scouli di Musica di Fiesole. U\u010destvovao je na mnogim pijanisti\u010dkim smotrama i takmi\u010denjima u zemlji i inostranstvu na kojima je postigao zapa\u017eene rezultate. Na dr\u017eavnim takmi\u010denjima je pet puta osvajao prvu nagradu i to: 2007., 2009. i 2013. kao solista, 2008. sa klavirskim triom, a 2012. sa klavirskim duom. Osvojio je prve nagrade i niz posebnih nagrada na pijanisti\u010dkim takmi\u010denjima: \u201eDaleki akordi\u201c u Splitu, ,\u201eZlatko Grgo\u0161evi\u0107\u201c i \u201eMladi virtuozi \u2013 etide i skale\u201c u Zagrebu. Tako\u0111e je u\u010destvovao na nekoliko me\u0111unarodnih pijanisti\u010dkih takmi\u010denja u kategoriji do 35 godina gde ostvaruje zapa\u017eene rezultate. U Kaljariju (2011.) \u201eEnnio Porrino\u201c ulazi me\u0111u pet polufinalista, u Goriciji (2011.) \u201eGiulliano Peccar\u201c biva jedan od \u0161estorice finalista, u Trstu (2012. i 2015.) na takmi\u010denju \u201eStefano Marizza\u201c osvaja drugu nagradu, u Udinama (2013.) na 9. me\u0111unarodnom takmi\u010denju \u201eEuroregione\u201c osvaja prvu nagradu. Na takmi\u010denju &#8220;Marta Debelli&#8221; u Grazu (2013.) osvaja tre\u0107u nagradu i stipendiju, a na istom takmi\u010denju 2014. godine osvaja stipendiju i drugu nagradu. Tako\u0111e je polaznik majstorskih kurseva kod poznatih pedagoga kao \u0161to su Olga Cinkoburova, Arbo Valdma, Noel Flores, Julia Gubajdullina, Grigory Gruzman, Milana Chernyavska i drugih. Pored niza nastupa u Hrvatskoj, nastupao je u Italiji, Sloveniji, Austriji, Nema\u010dkoj, Lihten\u0161tajnu, Bosni i Hercegovini, Ma\u0111arskoj i Ukrajini. Kao solista je nastupao sa orkestrom Hrvatskog Narodnog Kazali\u0161ta, Simfonijskim orkestrom Hrvatske radiotelevizije, kao i sa Zagreba\u010dkim orkestrom mladih.<\/p>\n","protected":false},"excerpt":{"rendered":"<p>Utorak, 22. novembar 2016. 20h Koncertno-izlo\u017ebeni prosstor FU, Knja\u017eeva\u010dka 2a Koncert u okviru\u00a0Konkursa FU &nbsp; Trio\u00a0SAN Nenad Miti\u0107, klarinet Aleksandra Stojiljkovi\u0107, violina Stipe Bili\u0107, klavir &nbsp; &nbsp; PROGRAM &nbsp; Darius Milhaud &#8211;\u00a0Suite, Op. 157b Ouverture Divertissement Jeu Introduction et Final &nbsp; Hans G\u00e1l &#8211;\u00a0Trio za violinu, klarinet i klavir, Op. 97 Moderato assai Andantino capricciosso, [&hellip;]<\/p>\n","protected":false},"author":1,"featured_media":3860,"comment_status":"open","ping_status":"open","sticky":false,"template":"","format":"standard","meta":{"ngg_post_thumbnail":0},"categories":[9],"tags":[],"_links":{"self":[{"href":"http:\/\/koncertnasezona.artf.ni.ac.rs\/index.php\/wp-json\/wp\/v2\/posts\/3829"}],"collection":[{"href":"http:\/\/koncertnasezona.artf.ni.ac.rs\/index.php\/wp-json\/wp\/v2\/posts"}],"about":[{"href":"http:\/\/koncertnasezona.artf.ni.ac.rs\/index.php\/wp-json\/wp\/v2\/types\/post"}],"author":[{"embeddable":true,"href":"http:\/\/koncertnasezona.artf.ni.ac.rs\/index.php\/wp-json\/wp\/v2\/users\/1"}],"replies":[{"embeddable":true,"href":"http:\/\/koncertnasezona.artf.ni.ac.rs\/index.php\/wp-json\/wp\/v2\/comments?post=3829"}],"version-history":[{"count":7,"href":"http:\/\/koncertnasezona.artf.ni.ac.rs\/index.php\/wp-json\/wp\/v2\/posts\/3829\/revisions"}],"predecessor-version":[{"id":3872,"href":"http:\/\/koncertnasezona.artf.ni.ac.rs\/index.php\/wp-json\/wp\/v2\/posts\/3829\/revisions\/3872"}],"wp:featuredmedia":[{"embeddable":true,"href":"http:\/\/koncertnasezona.artf.ni.ac.rs\/index.php\/wp-json\/wp\/v2\/media\/3860"}],"wp:attachment":[{"href":"http:\/\/koncertnasezona.artf.ni.ac.rs\/index.php\/wp-json\/wp\/v2\/media?parent=3829"}],"wp:term":[{"taxonomy":"category","embeddable":true,"href":"http:\/\/koncertnasezona.artf.ni.ac.rs\/index.php\/wp-json\/wp\/v2\/categories?post=3829"},{"taxonomy":"post_tag","embeddable":true,"href":"http:\/\/koncertnasezona.artf.ni.ac.rs\/index.php\/wp-json\/wp\/v2\/tags?post=3829"}],"curies":[{"name":"wp","href":"https:\/\/api.w.org\/{rel}","templated":true}]}}