{"id":3837,"date":"2016-11-01T13:23:03","date_gmt":"2016-11-01T13:23:03","guid":{"rendered":"http:\/\/www.artf.ni.ac.rs\/koncertnasezona\/?p=3837"},"modified":"2016-11-04T10:36:24","modified_gmt":"2016-11-04T10:36:24","slug":"novembar-2016","status":"publish","type":"post","link":"http:\/\/koncertnasezona.artf.ni.ac.rs\/index.php\/novembar-2016\/","title":{"rendered":"NOVEMBAR 2016"},"content":{"rendered":"<p><b>NOVEMBAR<\/b><\/p>\n<p>&nbsp;<\/p>\n<p><b>Petak, 4. novembar 2016. 20h<\/b><br \/>\n<em>Muzi\u010dki zagrljaj \u2013 \u0160panija, Srbija, Latinska Amerika<\/em><br \/>\nKamerni orkestar <i>Concertante<\/i> Fakulteta umetnosti, Univerziteta u Ni\u0161u<br \/>\nMilena Injac,\u00a0dirigent<br \/>\n<a href=\"http:\/\/koncertnasezona.artf.ni.ac.rs\/index.php\/kamerni-orkestar-concertante-fu\/\" target=\"_blank\">DETALJNIJE<\/a><\/p>\n<p>&nbsp;<\/p>\n<p><b>Utorak, 15. novembar 2016. 19h<\/b><br \/>\nIzlo\u017eba i koncert<br \/>\n&#8220;Srpska moderna umetnost\u00a0kroz prizmu godi\u0161njice Miloja Milojevi\u0107a i Save \u0160umanovi\u0107a&#8221;<br \/>\n<a href=\"http:\/\/koncertnasezona.artf.ni.ac.rs\/index.php\/izlozba-i-koncert-srpska-moderna-umetnost\/\" target=\"_blank\">DETALJNIJE<\/a><\/p>\n<p>&nbsp;<\/p>\n<p><b>Sreda, 16. novembar 2016. 20h<\/b><br \/>\nDu\u0161an \u0110or\u0111evi\u0107, gitara<br \/>\nMilo\u0161 Vukovi\u0107, gitara<br \/>\n<a href=\"http:\/\/koncertnasezona.artf.ni.ac.rs\/index.php\/dusan-dordevic-gitara-i-milos-vukovic-gitara\/\" target=\"_blank\">DETALJNIJE<\/a><\/p>\n<p>&nbsp;<\/p>\n<p><b>Utorak, 22. novembar 2016. 20h<\/b><br \/>\nTrio <em>SAN<\/em><br \/>\nNenad Miti\u0107, klarinet<br \/>\nAleksandra Stojiljkovi\u0107, violina<br \/>\nStipe Bili\u0107, klavir<br \/>\n<a href=\"http:\/\/koncertnasezona.artf.ni.ac.rs\/index.php\/trio-san\/\" target=\"_blank\">DETALJNIJE<\/a><\/p>\n<p>&nbsp;<\/p>\n<p><b>Sreda, 23. novembar 2016. 20h<\/b><br \/>\nFilip Tomi\u0107, violon\u010delo<br \/>\nJovana Radovanovi\u0107, klavir<br \/>\n<a href=\"http:\/\/koncertnasezona.artf.ni.ac.rs\/index.php\/filip-tomic-violoncelo-i-jovana-radovanovic-klavir\/\" target=\"_blank\">DETALJNIJE<\/a><\/p>\n<p>&nbsp;<\/p>\n<p><b>Utorak, 29. novembar 2016. 20h<\/b><br \/>\nNi\u0161ki kamerni hor<br \/>\n<a href=\"http:\/\/koncertnasezona.artf.ni.ac.rs\/index.php\/niski-kamerni-hor\/\" target=\"_blank\">DETALJNIJE<\/a><\/p>\n<p>&nbsp;<\/p>\n<p><b>Sreda, 30. novembar 2016. 20h<\/b><br \/>\nKamerni sastav <em>KAMERNA BANDA<\/em><br \/>\nMarina Trajkovi\u0107 Bid\u017eovski, sopran<br \/>\nAn\u0111ela Brati\u0107, flauta<br \/>\nLjiljana Rankovi\u0107, violina<br \/>\nSanja Vukosavljevi\u0107 Mileni\u0107, klavir<br \/>\n<a href=\"http:\/\/koncertnasezona.artf.ni.ac.rs\/index.php\/kamerna-banda\/\" target=\"_blank\">DETALJNIJE<\/a><\/p>\n<p>&nbsp;<\/p>\n<p><strong>PLAKAT<\/strong><\/p>\n<p><img decoding=\"async\" loading=\"lazy\" class=\"alignleft size-large wp-image-3882\" alt=\"Plakat KS16 novembar WEB\" src=\"http:\/\/koncertnasezona.artf.ni.ac.rs\/wp-content\/uploads\/Plakat-KS16-novembar-WEB-724x1024.jpg\" width=\"724\" height=\"1024\" srcset=\"http:\/\/koncertnasezona.artf.ni.ac.rs\/wp-content\/uploads\/Plakat-KS16-novembar-WEB-724x1024.jpg 724w, http:\/\/koncertnasezona.artf.ni.ac.rs\/wp-content\/uploads\/Plakat-KS16-novembar-WEB-212x300.jpg 212w, http:\/\/koncertnasezona.artf.ni.ac.rs\/wp-content\/uploads\/Plakat-KS16-novembar-WEB.jpg 1500w\" sizes=\"(max-width: 724px) 100vw, 724px\" \/><\/p>\n","protected":false},"excerpt":{"rendered":"<p>NOVEMBAR &nbsp; Petak, 4. novembar 2016. 20h Muzi\u010dki zagrljaj \u2013 \u0160panija, Srbija, Latinska Amerika Kamerni orkestar Concertante Fakulteta umetnosti, Univerziteta u Ni\u0161u Milena Injac,\u00a0dirigent DETALJNIJE &nbsp; Utorak, 15. novembar 2016. 19h Izlo\u017eba i koncert &#8220;Srpska moderna umetnost\u00a0kroz prizmu godi\u0161njice Miloja Milojevi\u0107a i Save \u0160umanovi\u0107a&#8221; DETALJNIJE &nbsp; Sreda, 16. novembar 2016. 20h Du\u0161an \u0110or\u0111evi\u0107, gitara Milo\u0161 [&hellip;]<\/p>\n","protected":false},"author":1,"featured_media":3840,"comment_status":"open","ping_status":"open","sticky":false,"template":"","format":"standard","meta":{"ngg_post_thumbnail":0},"categories":[9],"tags":[],"_links":{"self":[{"href":"http:\/\/koncertnasezona.artf.ni.ac.rs\/index.php\/wp-json\/wp\/v2\/posts\/3837"}],"collection":[{"href":"http:\/\/koncertnasezona.artf.ni.ac.rs\/index.php\/wp-json\/wp\/v2\/posts"}],"about":[{"href":"http:\/\/koncertnasezona.artf.ni.ac.rs\/index.php\/wp-json\/wp\/v2\/types\/post"}],"author":[{"embeddable":true,"href":"http:\/\/koncertnasezona.artf.ni.ac.rs\/index.php\/wp-json\/wp\/v2\/users\/1"}],"replies":[{"embeddable":true,"href":"http:\/\/koncertnasezona.artf.ni.ac.rs\/index.php\/wp-json\/wp\/v2\/comments?post=3837"}],"version-history":[{"count":5,"href":"http:\/\/koncertnasezona.artf.ni.ac.rs\/index.php\/wp-json\/wp\/v2\/posts\/3837\/revisions"}],"predecessor-version":[{"id":3888,"href":"http:\/\/koncertnasezona.artf.ni.ac.rs\/index.php\/wp-json\/wp\/v2\/posts\/3837\/revisions\/3888"}],"wp:featuredmedia":[{"embeddable":true,"href":"http:\/\/koncertnasezona.artf.ni.ac.rs\/index.php\/wp-json\/wp\/v2\/media\/3840"}],"wp:attachment":[{"href":"http:\/\/koncertnasezona.artf.ni.ac.rs\/index.php\/wp-json\/wp\/v2\/media?parent=3837"}],"wp:term":[{"taxonomy":"category","embeddable":true,"href":"http:\/\/koncertnasezona.artf.ni.ac.rs\/index.php\/wp-json\/wp\/v2\/categories?post=3837"},{"taxonomy":"post_tag","embeddable":true,"href":"http:\/\/koncertnasezona.artf.ni.ac.rs\/index.php\/wp-json\/wp\/v2\/tags?post=3837"}],"curies":[{"name":"wp","href":"https:\/\/api.w.org\/{rel}","templated":true}]}}