{"id":3947,"date":"2016-12-06T12:12:26","date_gmt":"2016-12-06T12:12:26","guid":{"rendered":"http:\/\/www.artf.ni.ac.rs\/koncertnasezona\/?p=3947"},"modified":"2016-12-06T12:33:40","modified_gmt":"2016-12-06T12:33:40","slug":"koncert-studenata-sa-katedre-za-duvace","status":"publish","type":"post","link":"http:\/\/koncertnasezona.artf.ni.ac.rs\/index.php\/koncert-studenata-sa-katedre-za-duvace\/","title":{"rendered":"Koncert studenata sa katedre za duva\u010de"},"content":{"rendered":"<p><b>Utorak 06. decembar 2016. 20h<\/b><\/p>\n<p>Koncertno-izlo\u017ebeni prostor FU, Knja\u017eeva\u010dka 2a<\/p>\n<p>&nbsp;<\/p>\n<p><strong>Koncert studenata sa katedre za duva\u010de<\/strong><\/p>\n<p>&nbsp;<\/p>\n<p><strong>PROGRAM<\/strong><\/p>\n<p>&nbsp;<\/p>\n<p><strong>G. F. Handel<\/strong> &#8211; Flute sonata op.1 No.2 in g-minor HWV 360<br \/>\n<strong>An\u0111ela Krsti\u0107, flauta<\/strong><br \/>\nNikola Cvetkovi\u0107, klavir<\/p>\n<p><strong>J. S. Bach<\/strong> &#8211; Partita for solo flute BWV 1013, in a-minor<br \/>\n<em>Allemande<\/em><br \/>\n<em>Courante<\/em><br \/>\n<em>Sarabanda<\/em><br \/>\n<em>Gigue<\/em><br \/>\n<strong>Adriana Ostrugnaj, flauta<\/strong><\/p>\n<p>&nbsp;<\/p>\n<p><strong>W. A. Mozart<\/strong> &#8211; Koncertni rondo<br \/>\n<strong>Sofija Staji\u0107, horna<\/strong><br \/>\nNikola Cvetkovi\u0107, klavir<\/p>\n<p>&nbsp;<\/p>\n<p><strong>B. Kova\u010d<\/strong> &#8211; Ommage et Manuel de Falla za solo klarinet<br \/>\n<strong>Denis D\u017eeferi, klarinet<\/strong><\/p>\n<p>&nbsp;<\/p>\n<p><strong>N.Paganini<\/strong>\u00a0&#8211; Caprice No.21 op.1 in arrangement for flute solo<br \/>\n<strong>Tamara Pej\u010di\u0107, flauta<\/strong><\/p>\n<p>&nbsp;<\/p>\n<p><strong>S. Karg-Elert<\/strong> &#8211; Sonata appasionatta for flute solo<br \/>\n<strong>Angelina Nikoli\u0107, flauta<\/strong><\/p>\n<p>&nbsp;<\/p>\n<p><strong>D. Despi\u0107<\/strong> &#8211; Devet balkanskih igara za solo klarinet<br \/>\n<strong>Denis D\u017eeferi, klarinet<\/strong><\/p>\n<p>&nbsp;<\/p>\n<p><strong>G. Faure\u00a0<\/strong>&#8211; Fantazija<br \/>\n<strong>Marta Balog, flauta<\/strong><br \/>\nNikola Cvetkovi\u0107, klavir<\/p>\n<p>&nbsp;<\/p>\n<p><strong>I. Stravinski<\/strong> &#8211; Tri igre za solo klarinet<br \/>\n<strong>Vuk Bojovi\u0107, klarinet<\/strong><\/p>\n<p>&nbsp;<\/p>\n<p><strong>F. Poulenc<\/strong> &#8211; Sonata<br \/>\n<em>Allegro malinconico<\/em><br \/>\n<em>Cantilena<\/em><br \/>\n<em>Presto giocoso<\/em><br \/>\n<strong>Kristina Krsmanovi\u0107, flauta<\/strong><br \/>\nNikola Cvetkovi\u0107 klavir<\/p>\n","protected":false},"excerpt":{"rendered":"<p>Utorak 06. decembar 2016. 20h Koncertno-izlo\u017ebeni prostor FU, Knja\u017eeva\u010dka 2a &nbsp; Koncert studenata sa katedre za duva\u010de &nbsp; PROGRAM &nbsp; G. F. Handel &#8211; Flute sonata op.1 No.2 in g-minor HWV 360 An\u0111ela Krsti\u0107, flauta Nikola Cvetkovi\u0107, klavir J. S. Bach &#8211; Partita for solo flute BWV 1013, in a-minor Allemande Courante Sarabanda Gigue Adriana [&hellip;]<\/p>\n","protected":false},"author":1,"featured_media":3967,"comment_status":"open","ping_status":"open","sticky":false,"template":"","format":"standard","meta":{"ngg_post_thumbnail":0},"categories":[9],"tags":[],"_links":{"self":[{"href":"http:\/\/koncertnasezona.artf.ni.ac.rs\/index.php\/wp-json\/wp\/v2\/posts\/3947"}],"collection":[{"href":"http:\/\/koncertnasezona.artf.ni.ac.rs\/index.php\/wp-json\/wp\/v2\/posts"}],"about":[{"href":"http:\/\/koncertnasezona.artf.ni.ac.rs\/index.php\/wp-json\/wp\/v2\/types\/post"}],"author":[{"embeddable":true,"href":"http:\/\/koncertnasezona.artf.ni.ac.rs\/index.php\/wp-json\/wp\/v2\/users\/1"}],"replies":[{"embeddable":true,"href":"http:\/\/koncertnasezona.artf.ni.ac.rs\/index.php\/wp-json\/wp\/v2\/comments?post=3947"}],"version-history":[{"count":4,"href":"http:\/\/koncertnasezona.artf.ni.ac.rs\/index.php\/wp-json\/wp\/v2\/posts\/3947\/revisions"}],"predecessor-version":[{"id":3968,"href":"http:\/\/koncertnasezona.artf.ni.ac.rs\/index.php\/wp-json\/wp\/v2\/posts\/3947\/revisions\/3968"}],"wp:featuredmedia":[{"embeddable":true,"href":"http:\/\/koncertnasezona.artf.ni.ac.rs\/index.php\/wp-json\/wp\/v2\/media\/3967"}],"wp:attachment":[{"href":"http:\/\/koncertnasezona.artf.ni.ac.rs\/index.php\/wp-json\/wp\/v2\/media?parent=3947"}],"wp:term":[{"taxonomy":"category","embeddable":true,"href":"http:\/\/koncertnasezona.artf.ni.ac.rs\/index.php\/wp-json\/wp\/v2\/categories?post=3947"},{"taxonomy":"post_tag","embeddable":true,"href":"http:\/\/koncertnasezona.artf.ni.ac.rs\/index.php\/wp-json\/wp\/v2\/tags?post=3947"}],"curies":[{"name":"wp","href":"https:\/\/api.w.org\/{rel}","templated":true}]}}