{"id":4644,"date":"2017-06-05T12:37:35","date_gmt":"2017-06-05T12:37:35","guid":{"rendered":"http:\/\/www.artf.ni.ac.rs\/koncertnasezona\/?p=4644"},"modified":"2017-06-05T12:49:12","modified_gmt":"2017-06-05T12:49:12","slug":"andrija-mirkovic-klarinet-i-anita-zdravkovic-klavir","status":"publish","type":"post","link":"http:\/\/koncertnasezona.artf.ni.ac.rs\/index.php\/andrija-mirkovic-klarinet-i-anita-zdravkovic-klavir\/","title":{"rendered":"Andrija Mirkovi\u0107, klarinet i Anita Zdravkovi\u0107, klavir"},"content":{"rendered":"<p><b>Utorak 06. jun 2017. 20h<\/b><br \/>\nKoncertno-izlo\u017ebeni prostor FU, Knja\u017eeva\u010dka 2a<\/p>\n<p><i>Koncert u okviru Konkursa FU<\/i><\/p>\n<p>&nbsp;<\/p>\n<p><strong>Andrija Mirkovi\u0107, klarinet<\/strong><\/p>\n<p><strong>Anita Zdravkovi\u0107, klavir<\/strong><\/p>\n<p>&nbsp;<\/p>\n<p>&nbsp;<\/p>\n<p><strong>PROGRAM<\/strong><\/p>\n<p>&nbsp;<\/p>\n<p><b>J. Brahms <\/b>&#8211;\u00a0Clarinet sonata in E flat Major Op 120, No. 2<\/p>\n<p><i>Allegro amabile<\/i><\/p>\n<p><i>Allegro appassionato<\/i><\/p>\n<p><i>Andante con moto<\/i><\/p>\n<p>&nbsp;<\/p>\n<p><b>C. Debussy &#8211;\u00a0<\/b>Premiere Rhapsody<\/p>\n<p>&nbsp;<\/p>\n<p><b>A. Grgin <\/b>&#8211;\u00a0Tema sa varijacijama br.2<\/p>\n<p>&nbsp;<\/p>\n<p>&nbsp;<\/p>\n<p><strong>BIOGRAFIJE<\/strong><\/p>\n<p>&nbsp;<\/p>\n<p style=\"text-align: justify;\"><b><img decoding=\"async\" loading=\"lazy\" class=\"alignleft size-medium wp-image-4652\" alt=\"Andrija\" src=\"http:\/\/koncertnasezona.artf.ni.ac.rs\/wp-content\/uploads\/Andrija-200x300.jpg\" width=\"200\" height=\"300\" srcset=\"http:\/\/koncertnasezona.artf.ni.ac.rs\/wp-content\/uploads\/Andrija-200x300.jpg 200w, http:\/\/koncertnasezona.artf.ni.ac.rs\/wp-content\/uploads\/Andrija.jpg 640w\" sizes=\"(max-width: 200px) 100vw, 200px\" \/>Andrija Mirkovi\u0107<\/b> je svoje interesovanje za muziku pokazao sa \u0161est godina kada je po\u010deo da svira klavir u klasi svoje majke Jelene Mirkovi\u0107. Nakon zavr\u0161ene osnovne muzi\u010dke \u0161kole na odseku klavira, definitivno se opredeljuje za klarinet koji u\u010di u klasi prof. Du\u0161ana Bo\u017ei\u0107a, a kasnije i kod \u017deljka Rusinovi\u0107a i Ljubi\u0161e Jovanovi\u0107a. Nakon zavr\u0161ene srednje muzi\u010dke \u0161kole &#8220;\u017divorad Grbi\u0107&#8221; u Valjevu, upisuje Fakultet umetnosti u Ni\u0161u u klasi profesora Ante Grgina i Milo\u0161a Mijatovi\u0107a. 2015 godine upisuje master studije na Muzi\u010dkoj akademiji\u00a0 u Ljubljani, u klasi profesora Jo\u017ee Kotara. Tokom \u0161kolovanja osvajao je mnoge nagrade u zemlji i inostranstvu od kojih se izdvajaju I nagrada na takmi\u010denju &#8220;Nade, talenti, majstori&#8221; u Albeni (Bugarska), I nagrade na takmi\u010denju\u00a0 &#8220;Davorin Jenko&#8221; i memorijalu &#8220;Du\u0161an Proti\u0107&#8221; u Beogradu, druga i specijalna nagrada na takmi\u010denju &#8220;Petar Konjovi\u0107&#8221; u Beogradu,kao i prva nagrada sa kvartetom klarineta &#8220;Ilju\u0161in&#8221; na takmi\u010denju u Barleti (Italija). Kao student bio je \u010dlan brojnih orkestara i kamernih sastava sa kojima je zabele\u017eio nastupe u Italiji, Nema\u010dkoj, Bugarskoj, Hrvatskoj, Holandiji, Turskoj, \u0160paniji, Portugalu, Crnoj Gori, Ma\u0111arskoj.Pohadjao je kurseve renomiranih klarinetista kao \u0161to su : Mate Bekavac, Bruno di Girolamo, Milan Rericha, Paolo Beltramini, Ljubi\u0161a Jovanovi\u0107, Aleksandar Tasi\u0107, Stephanie Zelnik i dr. U\u00a0vi\u0161e navrata,snimao je za potrebe Fakulteta umetnosti u Ni\u0161u i Ni\u0161kog simfonijskog orkestra.Trenutno je apsolvent na muzi\u010dkoj akademiji u Ljubljani.<\/p>\n<p>&nbsp;<\/p>\n<p style=\"text-align: justify;\"><b><img decoding=\"async\" loading=\"lazy\" class=\"alignleft size-medium wp-image-4653\" alt=\"Anita\" src=\"http:\/\/koncertnasezona.artf.ni.ac.rs\/wp-content\/uploads\/Anita-167x300.jpg\" width=\"167\" height=\"300\" srcset=\"http:\/\/koncertnasezona.artf.ni.ac.rs\/wp-content\/uploads\/Anita-167x300.jpg 167w, http:\/\/koncertnasezona.artf.ni.ac.rs\/wp-content\/uploads\/Anita-572x1024.jpg 572w, http:\/\/koncertnasezona.artf.ni.ac.rs\/wp-content\/uploads\/Anita.jpg 838w\" sizes=\"(max-width: 167px) 100vw, 167px\" \/>Anita Zdravkovi\u0107<\/b> je osnovno i srednje muzi\u010dko obrazovanje stekla u klasi prof. Mirjane Mladenovi\u0107. Studije klavira zavr\u0161ila je na Fakultetu umetnosti u Ni\u0161u u klasi prof. Aleksandra Serdara, a zatim i specijalisti\u010dke studije na Fakultetu Umetnosti u Beogradu, na odseku za kamernu muziku. Kao solista i kamerni muzi\u010dar nastupala je \u0161irom Srbije i u inostranstvu (\u0160panija, Italija, SAD\u2026). Dobitnik je zna\u010dajnih priznanja i nagrada od kojih se izdvajaju I nagrada na takmi\u010denju \u201cCitta di Moncalieri\u201d u Italiji, II nagrada na takmi\u010denju \u201cDavorin Jenko\u201d u kategoriji kamernih ansambala. Stipendirana je vi\u0161e puta od strane grada Ni\u0161a. Usavr\u0161avala se na majstorskim kursevima kod prof. Du\u0161ana Trbojevi\u0107a, prof. Borisa Kraljevi\u0107a i dr. Bila je u\u010desnik Letnjeg muzi\u010dkog festivala \u201cAlexander and Buono International\u201d na kom je sara\u0111ivala sa eminentnim profesorima i nastupala na zavr\u0161nom koncertu u \u201cSteinway Hall\u201d-u u Njujorku, 2012. godine. Zaposlena je kao profesor klavira I korepetitor u OM\u0160 \u201cPredrag Milo\u0161evi\u0107\u201d u Knja\u017eevcu.<\/p>\n","protected":false},"excerpt":{"rendered":"<p>Utorak 06. jun 2017. 20h Koncertno-izlo\u017ebeni prostor FU, Knja\u017eeva\u010dka 2a Koncert u okviru Konkursa FU &nbsp; Andrija Mirkovi\u0107, klarinet Anita Zdravkovi\u0107, klavir &nbsp; &nbsp; PROGRAM &nbsp; J. Brahms &#8211;\u00a0Clarinet sonata in E flat Major Op 120, No. 2 Allegro amabile Allegro appassionato Andante con moto &nbsp; C. Debussy &#8211;\u00a0Premiere Rhapsody &nbsp; A. Grgin &#8211;\u00a0Tema sa [&hellip;]<\/p>\n","protected":false},"author":1,"featured_media":4650,"comment_status":"open","ping_status":"open","sticky":false,"template":"","format":"standard","meta":{"ngg_post_thumbnail":0},"categories":[10],"tags":[],"_links":{"self":[{"href":"http:\/\/koncertnasezona.artf.ni.ac.rs\/index.php\/wp-json\/wp\/v2\/posts\/4644"}],"collection":[{"href":"http:\/\/koncertnasezona.artf.ni.ac.rs\/index.php\/wp-json\/wp\/v2\/posts"}],"about":[{"href":"http:\/\/koncertnasezona.artf.ni.ac.rs\/index.php\/wp-json\/wp\/v2\/types\/post"}],"author":[{"embeddable":true,"href":"http:\/\/koncertnasezona.artf.ni.ac.rs\/index.php\/wp-json\/wp\/v2\/users\/1"}],"replies":[{"embeddable":true,"href":"http:\/\/koncertnasezona.artf.ni.ac.rs\/index.php\/wp-json\/wp\/v2\/comments?post=4644"}],"version-history":[{"count":3,"href":"http:\/\/koncertnasezona.artf.ni.ac.rs\/index.php\/wp-json\/wp\/v2\/posts\/4644\/revisions"}],"predecessor-version":[{"id":4654,"href":"http:\/\/koncertnasezona.artf.ni.ac.rs\/index.php\/wp-json\/wp\/v2\/posts\/4644\/revisions\/4654"}],"wp:featuredmedia":[{"embeddable":true,"href":"http:\/\/koncertnasezona.artf.ni.ac.rs\/index.php\/wp-json\/wp\/v2\/media\/4650"}],"wp:attachment":[{"href":"http:\/\/koncertnasezona.artf.ni.ac.rs\/index.php\/wp-json\/wp\/v2\/media?parent=4644"}],"wp:term":[{"taxonomy":"category","embeddable":true,"href":"http:\/\/koncertnasezona.artf.ni.ac.rs\/index.php\/wp-json\/wp\/v2\/categories?post=4644"},{"taxonomy":"post_tag","embeddable":true,"href":"http:\/\/koncertnasezona.artf.ni.ac.rs\/index.php\/wp-json\/wp\/v2\/tags?post=4644"}],"curies":[{"name":"wp","href":"https:\/\/api.w.org\/{rel}","templated":true}]}}