{"id":4766,"date":"2017-11-03T12:16:06","date_gmt":"2017-11-03T12:16:06","guid":{"rendered":"http:\/\/www.artf.ni.ac.rs\/koncertnasezona\/?p=4766"},"modified":"2017-11-03T12:44:21","modified_gmt":"2017-11-03T12:44:21","slug":"nikita-vlasov-harmonika","status":"publish","type":"post","link":"http:\/\/koncertnasezona.artf.ni.ac.rs\/index.php\/nikita-vlasov-harmonika\/","title":{"rendered":"Nikita Vlasov, harmonika &#8211; Rusija"},"content":{"rendered":"<p><b>Sreda 08. novembar 2017. <b>19h<\/b><\/b><br \/>\nKoncertno-izlo\u017ebeni prostor FU, Knja\u017eeva\u010dka 2a<\/p>\n<p><b>\u00a0<\/b><\/p>\n<p><strong>Nikita Vlasov, harmonika<\/strong> &#8211; Rusija<\/p>\n<p style=\"text-align: left;\" align=\"center\"><em>II mesto na SVETSKOM KUPU u Rusiji 2016.<\/em><\/p>\n<p>&nbsp;<\/p>\n<p>Realizaciju koncerta,\u00a0u organizaciji Muzi\u010dkog centra AD LIBITUM, Kragujevac i Fakulteta umetnosti u Ni\u0161u, podr\u017ealo je Ministarstvo kulture i informisanja Republike Srbije i Grad Kragujevac.<\/p>\n<p>&nbsp;<\/p>\n<p>&nbsp;<\/p>\n<p><strong>PROGRAM<\/strong><\/p>\n<p>&nbsp;<\/p>\n<p><b>J. S. Bah <\/b>(1685-1750) &#8211; Italijanski koncert, I stav<\/p>\n<p><b>F. Kupren <\/b>(1668-1733) &#8211; Devojka<\/p>\n<p><b>D. Skarlati <\/b>(1685-1757) &#8211; Sonata\u00a0 de-mol<\/p>\n<p><b>F. Kupren<\/b> (1668-1733)- Jedinstvena<\/p>\n<p><b>F. Buzoni <\/b>(1866-1924) &#8211; Kamerna fantazija &#8220;Karmen&#8221;<\/p>\n<p><b>A. Pjacola <\/b>(1921-1992) &#8211; Ave Marija<\/p>\n<p><b>R. \u0160uman <\/b>(1810-1856) &#8211; Tokata<\/p>\n<p><b>V. Gordzej <\/b>(1946) &#8211; Svadba<\/p>\n<p><b>V. Semjonov <\/b>(1946) &#8211; Predanje o Tihom Donu<\/p>\n<p><b>V. Vlasov <\/b>(1936) &#8211; Praznik u\u00a0 Moldavanki<\/p>\n<p><b>A. \u0160nitke <\/b>(1934-1998) &#8211; Polka iz svite &#8220;Revizorove bajke&#8221;<\/p>\n<p><b>F. An\u0111elis <\/b>(1962) &#8211; Kutija ritmova<\/p>\n<p>&nbsp;<\/p>\n<p><b>\u00a0<\/b><\/p>\n<p><strong>BIOGRAFIJA<\/strong><\/p>\n<p>&nbsp;<\/p>\n<p style=\"text-align: justify;\"><b><a href=\"http:\/\/koncertnasezona.artf.ni.ac.rs\/wp-content\/uploads\/Vlasov-2.jpg\"><img decoding=\"async\" loading=\"lazy\" class=\"alignleft size-medium wp-image-4767\" alt=\"Vlasov 2\" src=\"http:\/\/koncertnasezona.artf.ni.ac.rs\/wp-content\/uploads\/Vlasov-2-297x300.jpg\" width=\"297\" height=\"300\" srcset=\"http:\/\/koncertnasezona.artf.ni.ac.rs\/wp-content\/uploads\/Vlasov-2-297x300.jpg 297w, http:\/\/koncertnasezona.artf.ni.ac.rs\/wp-content\/uploads\/Vlasov-2.jpg 1017w\" sizes=\"(max-width: 297px) 100vw, 297px\" \/><\/a>Nikita Vlasov<\/b> (1987) je interesovanje za muziku ispol\u0458io ve\u0107 u 6. godini\u00a0 kada je po\u010deo da svira harmoniku i klavir. Visoko obrazovanje je stekao na Konzervatorijumu \u201cGlinka\u201c u Ni\u017enjem Novgorodu gde su mu profesori bili Viktor Golubni\u010dij (harmonika) i Valerij Starinjin (klavir). Po zavr\u0161etku studija, do 2015, radio je na Konzervatorijumu \u201cGlinka\u201c u Ni\u017enjem Novgorodu kada prelazi u Moskvu i sada je nastavnik na Moskovskom pedago\u0161kom fakultetu. Kada je imao deset godina \u010duo ga je Vladimir Spivakov, svetski poznat violinista i rukovodilac Dr\u017eavnog kamernog orkestra \u201cMoskovski virtuozi\u201c, i od tada po\u010dinje njihova saradnja koja traje ve\u0107 dvadeset godina. Kao solista orkestra Nikita je nastupao \u0161irom Rusije i\u00a0 u svim najzna\u010dajnijim muzi\u010dkim centrima sveta. N\u0458egov repertoar obuhvata dela od klasika\u00a0 do savremenika a eksperti podvla\u010de ekspresivnost u njegovim interpretacijama, tehni\u010dko savr\u0161enstvo, suptilan kontakt sa klavijaturom i prirodno \u201cdisanje\u201c meha. Me\u0111u mno\u0161tvom nagrada na ruskim i me\u0111unarodnim takmi\u010denjima harmonika\u0161a najvrednije su svakako drugo mesto na Svetskom kupu 2016. i pobeda na Svetskom trofeju 2017.<\/p>\n<p style=\"text-align: justify;\"><a href=\"http:\/\/koncertnasezona.artf.ni.ac.rs\/wp-content\/uploads\/Plakat-Dani-Harmonike.jpg\"><img decoding=\"async\" loading=\"lazy\" class=\"alignnone size-large wp-image-4771\" alt=\"Plakat Dani Harmonike\" src=\"http:\/\/koncertnasezona.artf.ni.ac.rs\/wp-content\/uploads\/Plakat-Dani-Harmonike-731x1024.jpg\" width=\"731\" height=\"1024\" srcset=\"http:\/\/koncertnasezona.artf.ni.ac.rs\/wp-content\/uploads\/Plakat-Dani-Harmonike-731x1024.jpg 731w, http:\/\/koncertnasezona.artf.ni.ac.rs\/wp-content\/uploads\/Plakat-Dani-Harmonike-214x300.jpg 214w, http:\/\/koncertnasezona.artf.ni.ac.rs\/wp-content\/uploads\/Plakat-Dani-Harmonike.jpg 1285w\" sizes=\"(max-width: 731px) 100vw, 731px\" \/><\/a><\/p>\n<p style=\"text-align: left;\"><em>Autor plakata: Ninoslava Giri\u0107, stru\u010dni saradnik za izdava\u0161tvo<\/em><\/p>\n","protected":false},"excerpt":{"rendered":"<p>Sreda 08. novembar 2017. 19h Koncertno-izlo\u017ebeni prostor FU, Knja\u017eeva\u010dka 2a \u00a0 Nikita Vlasov, harmonika &#8211; Rusija II mesto na SVETSKOM KUPU u Rusiji 2016. &nbsp; Realizaciju koncerta,\u00a0u organizaciji Muzi\u010dkog centra AD LIBITUM, Kragujevac i Fakulteta umetnosti u Ni\u0161u, podr\u017ealo je Ministarstvo kulture i informisanja Republike Srbije i Grad Kragujevac. &nbsp; &nbsp; PROGRAM &nbsp; J. S. [&hellip;]<\/p>\n","protected":false},"author":1,"featured_media":4768,"comment_status":"open","ping_status":"open","sticky":false,"template":"","format":"standard","meta":{"ngg_post_thumbnail":0},"categories":[10],"tags":[],"_links":{"self":[{"href":"http:\/\/koncertnasezona.artf.ni.ac.rs\/index.php\/wp-json\/wp\/v2\/posts\/4766"}],"collection":[{"href":"http:\/\/koncertnasezona.artf.ni.ac.rs\/index.php\/wp-json\/wp\/v2\/posts"}],"about":[{"href":"http:\/\/koncertnasezona.artf.ni.ac.rs\/index.php\/wp-json\/wp\/v2\/types\/post"}],"author":[{"embeddable":true,"href":"http:\/\/koncertnasezona.artf.ni.ac.rs\/index.php\/wp-json\/wp\/v2\/users\/1"}],"replies":[{"embeddable":true,"href":"http:\/\/koncertnasezona.artf.ni.ac.rs\/index.php\/wp-json\/wp\/v2\/comments?post=4766"}],"version-history":[{"count":6,"href":"http:\/\/koncertnasezona.artf.ni.ac.rs\/index.php\/wp-json\/wp\/v2\/posts\/4766\/revisions"}],"predecessor-version":[{"id":4782,"href":"http:\/\/koncertnasezona.artf.ni.ac.rs\/index.php\/wp-json\/wp\/v2\/posts\/4766\/revisions\/4782"}],"wp:featuredmedia":[{"embeddable":true,"href":"http:\/\/koncertnasezona.artf.ni.ac.rs\/index.php\/wp-json\/wp\/v2\/media\/4768"}],"wp:attachment":[{"href":"http:\/\/koncertnasezona.artf.ni.ac.rs\/index.php\/wp-json\/wp\/v2\/media?parent=4766"}],"wp:term":[{"taxonomy":"category","embeddable":true,"href":"http:\/\/koncertnasezona.artf.ni.ac.rs\/index.php\/wp-json\/wp\/v2\/categories?post=4766"},{"taxonomy":"post_tag","embeddable":true,"href":"http:\/\/koncertnasezona.artf.ni.ac.rs\/index.php\/wp-json\/wp\/v2\/tags?post=4766"}],"curies":[{"name":"wp","href":"https:\/\/api.w.org\/{rel}","templated":true}]}}