{"id":4823,"date":"2017-11-22T11:47:12","date_gmt":"2017-11-22T11:47:12","guid":{"rendered":"http:\/\/www.artf.ni.ac.rs\/koncertnasezona\/?p=4823"},"modified":"2017-12-11T09:22:16","modified_gmt":"2017-12-11T09:22:16","slug":"kamerni-sastav-quatro-colore","status":"publish","type":"post","link":"http:\/\/koncertnasezona.artf.ni.ac.rs\/index.php\/kamerni-sastav-quatro-colore\/","title":{"rendered":"Kamerni sastav QUATRO COLORI"},"content":{"rendered":"<p><b>Ponedeljak 11. decembar 2017. 20h<\/b><br \/>\nKoncertno-izlo\u017ebeni prostor FU, Knja\u017eeva\u010dka 2a<\/p>\n<p><i>Koncert u okviru Konkursa FU<\/i><\/p>\n<p>&nbsp;<\/p>\n<p>Kamerni sastav\u00a0QUATTRO COLORI<br \/>\n<strong>Anita Ferle\u017e-Erakovi\u0107, sopran<\/strong><br \/>\n<strong> Slobodanka Paji\u0107, klavir<\/strong><br \/>\n<strong> Stanislava Ala\u0111ozovski, violina<\/strong><br \/>\n<strong> Ana Stankovi\u0107, violon\u010delo<\/strong><\/p>\n<p>&nbsp;<\/p>\n<p>&nbsp;<\/p>\n<p><strong>PROGRAM<\/strong><\/p>\n<p>&nbsp;<\/p>\n<p><strong>Ludwig van Beethoven<\/strong><br \/>\nNeues Volkslieder heft op. 158<br \/>\nFur eine Singstimme und Klavier mit Begleitung von Violine und Viollncello<br \/>\nPREMIJERNO IZVO\u0110ENJE U NI\u0160U<\/p>\n<p>&nbsp;<\/p>\n<p><b>Danisch<\/b><br \/>\nRidder stig tjener i kongens gaard<\/p>\n<p><b>Deutsch<\/b><br \/>\nHorch auf, mein Liebchen<br \/>\nWegen meiner<\/p>\n<p><b>Tyroler<\/b><br \/>\nWann i in der Fruh aufsteh<br \/>\nI bin a Tyroler Bau,bin alleweil wohlauf<br \/>\nA Madel, ja a Madel ist als wie a Fahn<br \/>\nWer solche Buema afipackt<br \/>\nIh mag di nit nehma, du toppeter Hecht<\/p>\n<p><b>Polnisch<\/b><br \/>\nOj Oj upilem sie w karczmic<br \/>\nPoszla baba po popiol<\/p>\n<p><b>Cancion<\/b><br \/>\nJa no quiero embarcarme<\/p>\n<p><b>Air russe<\/b><br \/>\nIn dem Wald, dem grunen Walde<br \/>\nAch,ihr Bachlein , kuhlen Wasser<br \/>\nUnsre lieben Madchen gingen<\/p>\n<p><b>Air casaque<\/b><br \/>\nSchone Minka , ich mub scheiden<\/p>\n<p><b>Schwedisches Wiegenlied<\/b><br \/>\nSchlaf, mein Liebling, schlafe ein!<\/p>\n<p><b>Bolero<\/b><br \/>\nMein Taubchen ist entflogen<\/p>\n<p><b>Tiranilla Espanola<\/b><br \/>\nLa tirana se embraca<\/p>\n<p><b>Canzonetta Veneziana<\/b><br \/>\nDa brava, Catina ,mostreve bonina<\/p>\n<p><b>Ungarisches Weinleselied<\/b><br \/>\nEdes kinos emlekezet<\/p>\n<p>***<\/p>\n<p><strong>Schottische Lieder<\/strong><br \/>\nOp.108. no. 2. Sunset<br \/>\nOp.108. no. 5.The sweetes lad was Jamie<\/p>\n<p><strong>Irische Lieder<\/strong><br \/>\nWo O 154. No.5. Oh,who my dear Dermont<\/p>\n<p><strong>Wallisische Lieder<\/strong><br \/>\nWo O 155, no.13. Helpes Woman<br \/>\nWo O 155. no.19.The Vale of Clwyd<\/p>\n<p><strong>Irische Lieder<\/strong><br \/>\nWo O 153. no. 20.Thy Ship must sail,my Henry dear<br \/>\nWo O 152. no.8 Come draw we round a cheerful Ring<\/p>\n<p>&nbsp;<\/p>\n<p>&nbsp;<\/p>\n<p>&nbsp;<\/p>\n<p><strong>BIOGRAFIJE<\/strong><\/p>\n<p>&nbsp;<\/p>\n<p style=\"text-align: justify;\"><strong><a href=\"http:\/\/koncertnasezona.artf.ni.ac.rs\/wp-content\/uploads\/Anita-web.jpg\"><img decoding=\"async\" loading=\"lazy\" class=\"alignleft size-medium wp-image-4841\" alt=\"Anita web\" src=\"http:\/\/koncertnasezona.artf.ni.ac.rs\/wp-content\/uploads\/Anita-web-198x300.jpg\" width=\"198\" height=\"300\" srcset=\"http:\/\/koncertnasezona.artf.ni.ac.rs\/wp-content\/uploads\/Anita-web-198x300.jpg 198w, http:\/\/koncertnasezona.artf.ni.ac.rs\/wp-content\/uploads\/Anita-web.jpg 625w\" sizes=\"(max-width: 198px) 100vw, 198px\" \/><\/a>Anita Ferle\u017e-Erakovi\u0107<\/strong> &#8211; sopran, ro\u0111ena je u Ni\u0161u (1971), gde je zavr\u0161ila ni\u017eu i srednju muzi\u010dku \u0161kolu, odseke klavira i solo pevanja. Diplomirala je solo pevanje (1994) na FMU-Skoplje u klasi prof. Milke Eftimove. Magistrirala je solo pevanje ( 2012 ) na FMU- Skoplje u klasi prof.Vesne Ginovske-Ilkove. U toku studiranja zavr\u0161ila je seminar barokne muzike i seminar ameri\u010dke solo pesme, nastupala je sa horom i orkestrom fakulteta i sa ansamblom Skopske opere. Aktivno u\u010destvuje u kulturnom \u017eivotu rodnog grada solisti\u010dkim koncertima i nastupima sa orkestrom Doma vojske, Ni\u0161kim simfonijskim orkestrom, orkestrom i horom FU-Ni\u0161 i sradjuje sa dirigentima : Suzanom Kostic, Milenom Injac, Zoranom Stanisavljevicem, Dejanom Savicem ,Zoricom Mitev Vojinovic, Miloradom Veljkovic. Radi u Muzi\u010dkoj \u0161koli u Ni\u0161u. Njeni \u0111aci ostvaruju zapa\u017eene rezultate na doma\u0107im i me\u0111unarodnim takmi\u010denjima solo peva\u010da i takmi\u010denjima kamerne muzike. Bila je \u010dlan \u017eirija Republi\u010dkog takmi\u010denja. 2007. god. osniva Duo Dolcezza s\u0430 pijanistkinjoim Slobodankom Pajic . \u041aamerni sastav je nastao kao rezultat dugogodisnje saradnje i ostvaruje niz koncerata u zemlji i inostranstvu.<\/p>\n<p style=\"text-align: justify;\"><strong><a href=\"http:\/\/koncertnasezona.artf.ni.ac.rs\/wp-content\/uploads\/Danka_Pajic_slika.jpg\"><img decoding=\"async\" loading=\"lazy\" class=\"alignleft size-medium wp-image-4842\" alt=\"Danka_Pajic_slika\" src=\"http:\/\/koncertnasezona.artf.ni.ac.rs\/wp-content\/uploads\/Danka_Pajic_slika-300x214.jpg\" width=\"300\" height=\"214\" srcset=\"http:\/\/koncertnasezona.artf.ni.ac.rs\/wp-content\/uploads\/Danka_Pajic_slika-300x214.jpg 300w, http:\/\/koncertnasezona.artf.ni.ac.rs\/wp-content\/uploads\/Danka_Pajic_slika-1024x730.jpg 1024w, http:\/\/koncertnasezona.artf.ni.ac.rs\/wp-content\/uploads\/Danka_Pajic_slika.jpg 2048w\" sizes=\"(max-width: 300px) 100vw, 300px\" \/><\/a>Slobodanka Paji\u0107<\/strong>, ro\u0111ena je 1976. godine u Kladovu, gde je zavr\u0161ila Osnovnu muzi\u010dku \u0161kolu, na Klavirskom odseku, u klasi profesora Hortenzije \u0110or\u0111evi\u0107 Sabau. Srednju muzi\u010dku \u0161kolu zavr\u0161ila je u Ni\u0161u, u klasi profesora Borivoja Mladenovi\u0107a. Diplomirala je u klasi profesora Bosil\u0458ke Stri\u010devi\u0107 1999.godine, a magistrirala 2004.godine, u istoj klasi, na Fakultetu umetnosti u Pri\u0161tini. Usavr\u0161avala se na majstorskom kursu Nauma \u0160tarkmana, Borisa Kral\u0458evi\u0107a, Milo\u0161a Mihajlovi\u0107a. U\u010desnik je mnogobrojnih takmi\u010denja tokom \u0161kolovanja i postizala je zapa\u017eene rezultate. Kao student prve godine FU u Pri\u0161tini, u\u010destvovala je na Takmi\u010denju mladih pijanista Jugoslavije u Ni\u0161u 1996.godine i osvojila I nagradu, u kategoriji Klavirski duo. Od 1998. god. do 2007 radi u Muzi\u010dkoj \u0161koli u Ni\u0161u kao prof. Klavira i korepetitor na odseku za solo&#8217; pevanje.Od 2007. radi na Fakultetu umetnosti u Ni\u0161u na katedri za Komplementrni klavir u zvanju docent. Solisti\u010dke koncerte imala je u Kru\u0161evcu,Kral\u0458evu i Ni\u0161u 2003 i 2004.god. Slobodanka Paji\u0107 2007. godine, osniva Duo \u201e. Dol\u010deca\u201c, sa sopranom Anitom Ferle\u017e Erakovi\u0107 . Kamerni sastav je nastao kao rezultat dugogodi\u0161nje saradnje i ostvaruje niz koncertnih nastupa u zeml\u0458i i inostransvu.<\/p>\n<p style=\"text-align: justify;\"><strong><a href=\"http:\/\/koncertnasezona.artf.ni.ac.rs\/wp-content\/uploads\/Stanislava-Aladjozovski-photo.jpg\"><img decoding=\"async\" loading=\"lazy\" class=\"alignleft size-medium wp-image-4843\" alt=\"Stanislava Aladjozovski photo\" src=\"http:\/\/koncertnasezona.artf.ni.ac.rs\/wp-content\/uploads\/Stanislava-Aladjozovski-photo-200x300.jpg\" width=\"200\" height=\"300\" srcset=\"http:\/\/koncertnasezona.artf.ni.ac.rs\/wp-content\/uploads\/Stanislava-Aladjozovski-photo-200x300.jpg 200w, http:\/\/koncertnasezona.artf.ni.ac.rs\/wp-content\/uploads\/Stanislava-Aladjozovski-photo.jpg 500w\" sizes=\"(max-width: 200px) 100vw, 200px\" \/><\/a>Stanislava Ala\u0111ozovski<\/strong>, svoje prve muzicke korake stekla u klasi prof. Dragana Stefanovica.Skolovanje nastavlja u \u0161koli za muzi\u010dke talente u \u0106upriji, u klasi prof.Vladislava Savkovica i prof. \u0110er\u0111a Zazrovi\u0107a. Zatim, prof. Jasne Maksimovi\u0107,prof. Ljubomira Mihailovi\u0107a i prof. Vladimira Koha Dobitnik je stipendije grada Ni\u0161a (1991\/2002) i Norve\u0161ke stipendije. Magistrirala je na FU u Nisu u klasi prof. Angela Stankova. Nastupala kao solista na brojnim koncertima resitalnog karaktera u zemlji I inostranstvu.Kao clan I solista kamernog orkestra \u201cAmoroso\u201dnastupala je u Porto Heliju, Nisu, Leskovcu, Banja Luci, Tuzli, Sarajevu, Bjeljini&#8230; Koncert majstor je Niskog simfonijskog orkestra od 2006godine.Od 2007\/sept.2012 vrsila je pripreme simfonijskog orkestra za premijerne koncerte. Organizator koncerata za decu sa posebnim potrebama i za drustvo obolelih od cerebralne paralize. Od 2014. godine,pridruzuje se Balkanskom kamernom orkestru na turneji po Japanu- Tokyo-Kioi sala,Nagano-Shimosuwa Sogo Bunka sala,Kanazawa-Ishikawa Ongakudo sala,Nagoya-Aici Arts sala,iste godine u Sarajevu u sali Nacionalnog teatra,2015 u Beogradu u sali Kolarceve zaduzbine i Zenevi 2016.godine,u Viktorija sali i sali Ujedinjenih nacija.<\/p>\n<p style=\"text-align: justify;\"><strong><a href=\"http:\/\/koncertnasezona.artf.ni.ac.rs\/wp-content\/uploads\/Ana-web1.jpg\"><img decoding=\"async\" loading=\"lazy\" class=\"alignleft size-medium wp-image-4844\" alt=\"Ana web\" src=\"http:\/\/koncertnasezona.artf.ni.ac.rs\/wp-content\/uploads\/Ana-web1-199x300.jpg\" width=\"199\" height=\"300\" srcset=\"http:\/\/koncertnasezona.artf.ni.ac.rs\/wp-content\/uploads\/Ana-web1-199x300.jpg 199w, http:\/\/koncertnasezona.artf.ni.ac.rs\/wp-content\/uploads\/Ana-web1-681x1024.jpg 681w, http:\/\/koncertnasezona.artf.ni.ac.rs\/wp-content\/uploads\/Ana-web1.jpg 1331w\" sizes=\"(max-width: 199px) 100vw, 199px\" \/><\/a>Ana Stankovi\u0107<\/strong>, violon\u010delo. Zavr\u0161ila je Vi\u0161u muzi\u010dku \u0161kolu u Ni\u0161u u klasi Tanje P.\u0110orgovske, a osnovne studije na Akademiji umetnosti u Novom Sadu u klasi Dejana Bo\u017eica. Tokom studija u\u010destvovala je na majstorskim kursevima kod profesora I.Varge i I.Kalmana. \u010clan je klavirskog tria &#8220;Masala&#8221; sa kojim bele\u017ei nastupe na festivalima umetni\u010dke muzike &#8220;Constantinus&#8221; i &#8220;Nimus&#8221; u Ni\u0161u, &#8220;Dani muzike&#8221; u Herceg Novom, kao i na koncertu u Be\u010du. Sa triom &#8220;Masala&#8221; gostuje i u emisiji &#8220;Nedeljom uve\u010de&#8221; na drugom programu RTS-a. Kao \u010dlan kamernog orkestra &#8220;Nova muzika&#8221; u\u010destvuje u snimanju cd-a &#8221; Vilinski zvuci&#8221; (kamerna muzika ni\u0161kih kompozitora). Sa kamernim orkestrom &#8220;Constantinus&#8221; nastupala je na koncertima po zemlji i inostranstvu. \u010clan je i guda\u010dkog kvarteta &#8220;Creativo&#8221; sa kojim, izmedju ostalog, u\u010destvuje na d\u017eez festivalu &#8220;Ni\u0161ville&#8221; 2015. godine. Jedan je od osniva\u010da kamernog orkestra \u201eImpresija\u201c sa kojim nastupa na otvaranju 51. filmskih susreta sviraju\u0107i muziku na\u0161eg poznatog kompozitora filmske muzike Zorana Simjanovi\u0107a. Zapo\u0161ljena je u Ni\u0161kom simfonijskom orkestru.<\/p>\n","protected":false},"excerpt":{"rendered":"<p>Ponedeljak 11. decembar 2017. 20h Koncertno-izlo\u017ebeni prostor FU, Knja\u017eeva\u010dka 2a Koncert u okviru Konkursa FU &nbsp; Kamerni sastav\u00a0QUATTRO COLORI Anita Ferle\u017e-Erakovi\u0107, sopran Slobodanka Paji\u0107, klavir Stanislava Ala\u0111ozovski, violina Ana Stankovi\u0107, violon\u010delo &nbsp; &nbsp; PROGRAM &nbsp; Ludwig van Beethoven Neues Volkslieder heft op. 158 Fur eine Singstimme und Klavier mit Begleitung von Violine und Viollncello PREMIJERNO [&hellip;]<\/p>\n","protected":false},"author":1,"featured_media":4892,"comment_status":"open","ping_status":"open","sticky":false,"template":"","format":"standard","meta":{"ngg_post_thumbnail":0},"categories":[10],"tags":[],"_links":{"self":[{"href":"http:\/\/koncertnasezona.artf.ni.ac.rs\/index.php\/wp-json\/wp\/v2\/posts\/4823"}],"collection":[{"href":"http:\/\/koncertnasezona.artf.ni.ac.rs\/index.php\/wp-json\/wp\/v2\/posts"}],"about":[{"href":"http:\/\/koncertnasezona.artf.ni.ac.rs\/index.php\/wp-json\/wp\/v2\/types\/post"}],"author":[{"embeddable":true,"href":"http:\/\/koncertnasezona.artf.ni.ac.rs\/index.php\/wp-json\/wp\/v2\/users\/1"}],"replies":[{"embeddable":true,"href":"http:\/\/koncertnasezona.artf.ni.ac.rs\/index.php\/wp-json\/wp\/v2\/comments?post=4823"}],"version-history":[{"count":9,"href":"http:\/\/koncertnasezona.artf.ni.ac.rs\/index.php\/wp-json\/wp\/v2\/posts\/4823\/revisions"}],"predecessor-version":[{"id":4899,"href":"http:\/\/koncertnasezona.artf.ni.ac.rs\/index.php\/wp-json\/wp\/v2\/posts\/4823\/revisions\/4899"}],"wp:featuredmedia":[{"embeddable":true,"href":"http:\/\/koncertnasezona.artf.ni.ac.rs\/index.php\/wp-json\/wp\/v2\/media\/4892"}],"wp:attachment":[{"href":"http:\/\/koncertnasezona.artf.ni.ac.rs\/index.php\/wp-json\/wp\/v2\/media?parent=4823"}],"wp:term":[{"taxonomy":"category","embeddable":true,"href":"http:\/\/koncertnasezona.artf.ni.ac.rs\/index.php\/wp-json\/wp\/v2\/categories?post=4823"},{"taxonomy":"post_tag","embeddable":true,"href":"http:\/\/koncertnasezona.artf.ni.ac.rs\/index.php\/wp-json\/wp\/v2\/tags?post=4823"}],"curies":[{"name":"wp","href":"https:\/\/api.w.org\/{rel}","templated":true}]}}