{"id":4943,"date":"2018-03-02T12:23:14","date_gmt":"2018-03-02T12:23:14","guid":{"rendered":"http:\/\/koncertnasezona.artf.ni.ac.rs\/?p=4943"},"modified":"2018-03-20T09:35:58","modified_gmt":"2018-03-20T09:35:58","slug":"aleksandra-trifunovic-kontrabas","status":"publish","type":"post","link":"http:\/\/koncertnasezona.artf.ni.ac.rs\/index.php\/aleksandra-trifunovic-kontrabas\/","title":{"rendered":"Aleksandra Trifunovi\u0107, kontrabas"},"content":{"rendered":"<p>Utorak 20. mart 2018.20h<br \/>\nKoncertno-izlo\u017ebeni prostor FU, Knja\u017eeva\u010dka 2a<\/p>\n<p>&nbsp;<\/p>\n<p><strong>Aleksandra Trifunovi\u0107, kontrabas<\/strong><br \/>\n<em>Klasa: mr Ljubinko Lazi\u0107<\/em><\/p>\n<p>Senka Simonovi\u0107, klavir<\/p>\n<p>&nbsp;<\/p>\n<p><strong>PROGRAM<\/strong><\/p>\n<p><strong>Hans Fryba<\/strong> &#8211; Suite im alten Stil (Prelude, Gigue)<\/p>\n<p><strong>Frank Proto<\/strong> &#8211; Sonata 1963<br \/>\n<em>Slow and Peaceful<\/em><br \/>\n<em>Swing<\/em><br \/>\n<em>Molto Adagio<\/em><br \/>\n<em>Allegro energico<\/em><\/p>\n<p><strong>Senad Ga\u010devi\u0107<\/strong> &#8211; Sonata za kontrabas i klavir (Fantazija)<\/p>\n<p><strong>Giovanni Bottesini<\/strong> &#8211; Grande allegro di concerto &#8220;Alla Mendelssohn&#8221;<\/p>\n<p>&nbsp;<\/p>\n<p><strong>BIOGRAFIJA<\/strong><\/p>\n<p><strong><a href=\"http:\/\/koncertnasezona.artf.ni.ac.rs\/wp-content\/uploads\/Aleksandra-Trifunovic.jpg\"><img decoding=\"async\" loading=\"lazy\" class=\"alignleft size-medium wp-image-4945\" alt=\"Aleksandra Trifunovic\" src=\"http:\/\/koncertnasezona.artf.ni.ac.rs\/wp-content\/uploads\/Aleksandra-Trifunovic-178x300.jpg\" width=\"178\" height=\"300\" srcset=\"http:\/\/koncertnasezona.artf.ni.ac.rs\/wp-content\/uploads\/Aleksandra-Trifunovic-178x300.jpg 178w, http:\/\/koncertnasezona.artf.ni.ac.rs\/wp-content\/uploads\/Aleksandra-Trifunovic.jpg 603w\" sizes=\"(max-width: 178px) 100vw, 178px\" \/><\/a>Aleksandra Trifunovi\u0107<\/strong>, (1996) ro\u0111ena je u Beranama, u Crnoj Gori gde zavr\u0161ava ni\u017eu muzi\u010dku \u0161kolu na odseku za klavir. \u0160kolovanje nastavlja u Umetni\u010dkoj \u0161koli za muziku i balet \u201eVasa Pavi\u0107\u201c, u Podgorici. Kontrabas po\u010dinje da svira sa petnaest godina i zavr\u0161ava srednju \u0161kolu u klasi prof. Veljka Belevi\u0107a. 2014. godine upisuje Fakultet umetnosti u Ni\u0161u. Za vreme svog \u0161kolovanja bila je polaznik mnogih festivala. U\u010desnik je republi\u010dkih i me\u0111unarodnih takmi\u010denja kao \u0161to su Festival mladih Crne Gore, Me\u0111unarodno takmi\u010denje guda\u010da u Ni\u0161u, \u201eStringfest\u201c (Sremska Mitrovica). Dobitnik je brojnih nagrada kako solo, tako i u disciplini kamerna muzika, od kojih se izdvaja prva nagrada na Me\u0111unarodnom takmi\u010denju guda\u010da \u201eStringfest\u201c, u Sremskoj Mitrovici, 2017. Poha\u0111ala je kurseve kod eminentnih profesora: Thierry Barbe, Miloslav Jelinek, Dan Styffe. U\u010destvuje u mnogim projektima kao \u010dlan akademskog orkestra, a honorarno saradjuje sa Beogradskom filharmonijom. Trenutno je student \u010detvrte godine osnovnih studija na Fakultetu umetnosti u Ni\u0161u, u klasi prof. Ljubinka Lazi\u0107a.<\/p>\n<p>&nbsp;<\/p>\n<p>&nbsp;<\/p>\n<p><a href=\"http:\/\/koncertnasezona.artf.ni.ac.rs\/wp-content\/uploads\/DSC_5981.jpg\"><img decoding=\"async\" loading=\"lazy\" class=\"alignleft size-medium wp-image-3959\" alt=\"Senka \" src=\"http:\/\/koncertnasezona.artf.ni.ac.rs\/wp-content\/uploads\/DSC_5981-300x253.jpg\" width=\"300\" height=\"253\" srcset=\"http:\/\/koncertnasezona.artf.ni.ac.rs\/wp-content\/uploads\/DSC_5981-300x253.jpg 300w, http:\/\/koncertnasezona.artf.ni.ac.rs\/wp-content\/uploads\/DSC_5981-1024x864.jpg 1024w, http:\/\/koncertnasezona.artf.ni.ac.rs\/wp-content\/uploads\/DSC_5981.jpg 1500w\" sizes=\"(max-width: 300px) 100vw, 300px\" \/><\/a><strong>Senka Simonovi\u0107<\/strong>, klavir (Kru\u0161evac, 1984.) Ni\u017ee muzi\u010dko obrazovanje zapo\u010dela je u Prokupl\u0458u, u klasi prof. Nata\u0161e Popovi\u0107, a zavr\u0161ila u Muzi\u010dkoj \u0161koli u Ni\u0161u, gde ubrzano za tri godine sti\u010de diplomu i srednjeg muzi\u010dkog obrazovanja, u klasi prof. Borivoja Mladenovi\u0107a. Diplomirala je na Akademiji umetnosti u Novom Sadu 2007. godine u klasi prof. Svetlane Bogino. 2008. godine radila je sa na\u0161im eminentnim profesorom i pijanistom Aleksandrom Serdarom, tokom specijalisti\u010dkih studija na Fakultetu umetnosti u Ni\u0161u. U periodu 2010.- 2012., usavr\u0161avala se u \u0160koli Kantorum u Parizu, Francuska, u klasi prof. Eugena In\u0111i\u0107a. Trenutno je student prve godine doktorskih akademskih studija na Akademiji umetnosti u Novom Sadu u klasi profesorke Bil\u0458ane Gorunovi\u0107. Tokom \u0161kolovanja usavr\u0161avala se na majstorskim kursevima kod eminentnih profesora i pijanista: V. Krajnjeva, M. Voskresenskog, D. Ba\u0161kirova, D. Aleksejeva, S. Po\u010dekina, F. Gotliba, K. Bogina, V. Ogarkova, K. Pontena, E. In\u0111i\u0107a i P. Godara. Dobitnik je brojnih nagrada od kojih se izdvaja I nagrada na EPTA takmi\u010denju \u201cSkrjabin i Bartok\u201d u Beogradu 2005. godine. Kao u\u010desnik projekta Nacionalna koncertna sezona 2008\/2009. odr\u017eala je niz koncerata u Ni\u0161u, Kru\u0161evcu, Vranju, Leskovcu i Kral\u0458evu. Osim brojnih koncerata u presti\u017enim dvoranama u zeml\u0458i (Galerija Kolarca, Sanu, Artget\u2026), nastupala je i u Crnoj Gori, Italiji i Francuskoj\u2026 2014. godine nastupila je sa Ni\u0161kim simfonijskim orkestrom i Minom Mendelson, premijera Mendelsonovog Duplog koncerta za violinu, klavir i kamerni orkestar u d molu, u sali Simfonijskog orkestra u Ni\u0161u, dirigent Suzana Kosti\u0107. \u010cesto nastupa u sastavu sa na\u0161om violinistkinjom dr Minom Mendelson. Od 2008. godine je zapo\u0161l\u0458ena kao Vi\u0161i umetni\u010dki saradnik na Katedri za guda\u010dke instrumente na Fakultetu umetnosti u Ni\u0161u.<\/p>\n","protected":false},"excerpt":{"rendered":"<p>Utorak 20. mart 2018.20h Koncertno-izlo\u017ebeni prostor FU, Knja\u017eeva\u010dka 2a &nbsp; Aleksandra Trifunovi\u0107, kontrabas Klasa: mr Ljubinko Lazi\u0107 Senka Simonovi\u0107, klavir &nbsp; PROGRAM Hans Fryba &#8211; Suite im alten Stil (Prelude, Gigue) Frank Proto &#8211; Sonata 1963 Slow and Peaceful Swing Molto Adagio Allegro energico Senad Ga\u010devi\u0107 &#8211; Sonata za kontrabas i klavir (Fantazija) Giovanni Bottesini [&hellip;]<\/p>\n","protected":false},"author":1,"featured_media":4948,"comment_status":"open","ping_status":"open","sticky":false,"template":"","format":"standard","meta":{"ngg_post_thumbnail":0},"categories":[11],"tags":[],"_links":{"self":[{"href":"http:\/\/koncertnasezona.artf.ni.ac.rs\/index.php\/wp-json\/wp\/v2\/posts\/4943"}],"collection":[{"href":"http:\/\/koncertnasezona.artf.ni.ac.rs\/index.php\/wp-json\/wp\/v2\/posts"}],"about":[{"href":"http:\/\/koncertnasezona.artf.ni.ac.rs\/index.php\/wp-json\/wp\/v2\/types\/post"}],"author":[{"embeddable":true,"href":"http:\/\/koncertnasezona.artf.ni.ac.rs\/index.php\/wp-json\/wp\/v2\/users\/1"}],"replies":[{"embeddable":true,"href":"http:\/\/koncertnasezona.artf.ni.ac.rs\/index.php\/wp-json\/wp\/v2\/comments?post=4943"}],"version-history":[{"count":8,"href":"http:\/\/koncertnasezona.artf.ni.ac.rs\/index.php\/wp-json\/wp\/v2\/posts\/4943\/revisions"}],"predecessor-version":[{"id":4960,"href":"http:\/\/koncertnasezona.artf.ni.ac.rs\/index.php\/wp-json\/wp\/v2\/posts\/4943\/revisions\/4960"}],"wp:featuredmedia":[{"embeddable":true,"href":"http:\/\/koncertnasezona.artf.ni.ac.rs\/index.php\/wp-json\/wp\/v2\/media\/4948"}],"wp:attachment":[{"href":"http:\/\/koncertnasezona.artf.ni.ac.rs\/index.php\/wp-json\/wp\/v2\/media?parent=4943"}],"wp:term":[{"taxonomy":"category","embeddable":true,"href":"http:\/\/koncertnasezona.artf.ni.ac.rs\/index.php\/wp-json\/wp\/v2\/categories?post=4943"},{"taxonomy":"post_tag","embeddable":true,"href":"http:\/\/koncertnasezona.artf.ni.ac.rs\/index.php\/wp-json\/wp\/v2\/tags?post=4943"}],"curies":[{"name":"wp","href":"https:\/\/api.w.org\/{rel}","templated":true}]}}