{"id":683,"date":"2013-04-29T14:18:14","date_gmt":"2013-04-29T14:18:14","guid":{"rendered":"http:\/\/www.artf.ni.ac.rs\/koncertnasezona\/?p=683"},"modified":"2014-02-25T16:41:08","modified_gmt":"2014-02-25T16:41:08","slug":"petrus-petrusevski-kontrabas","status":"publish","type":"post","link":"http:\/\/koncertnasezona.artf.ni.ac.rs\/index.php\/petrus-petrusevski-kontrabas\/","title":{"rendered":"Petru\u0161 Petru\u0161evski, kontrabas"},"content":{"rendered":"<p><a href=\"http:\/\/koncertnasezona.artf.ni.ac.rs\/wp-content\/uploads\/2013\/04\/265050_2090929107244_2968841_n.jpg\"><img decoding=\"async\" loading=\"lazy\" class=\"alignnone  wp-image-722\" alt=\"265050_2090929107244_2968841_n\" src=\"http:\/\/koncertnasezona.artf.ni.ac.rs\/wp-content\/uploads\/2013\/04\/265050_2090929107244_2968841_n.jpg\" width=\"504\" height=\"378\" srcset=\"http:\/\/koncertnasezona.artf.ni.ac.rs\/wp-content\/uploads\/2013\/04\/265050_2090929107244_2968841_n.jpg 720w, http:\/\/koncertnasezona.artf.ni.ac.rs\/wp-content\/uploads\/2013\/04\/265050_2090929107244_2968841_n-300x225.jpg 300w, http:\/\/koncertnasezona.artf.ni.ac.rs\/wp-content\/uploads\/2013\/04\/265050_2090929107244_2968841_n-305x228.jpg 305w\" sizes=\"(max-width: 504px) 100vw, 504px\" \/><\/a><\/p>\n<p><b>Petak 17. maj 2013. 20h<\/b><\/p>\n<p><b>Koncertno &#8211; izlo\u017ebeni prostor FU, Knja\u017eeva\u010dka 2a<\/b><\/p>\n<p><a href=\"http:\/\/koncertnasezona.artf.ni.ac.rs\/index.php\/ulaznice\/\" target=\"_blank\"><strong>ULAZ UZ ULAZNICU<\/strong><\/a><\/p>\n<p><b>\u00a0<\/b><\/p>\n<h2><b>Petru\u0161 Petru\u0161evski, kontrabas<\/b><\/h2>\n<p><b>\u00a0<\/b><\/p>\n<p><b>\u00a0<\/b><\/p>\n<h3><b>PROGRAM<\/b><\/h3>\n<p>&nbsp;<\/p>\n<p><b>F.Shubert<\/b> &#8211; Arpeggione sonata<\/p>\n<p>&nbsp;<\/p>\n<p><b>R.Schumann<\/b> &#8211; Phantasiestucke op.73<\/p>\n<p><i>&#8220;Zart und mit Ausdruck&#8221;<\/i><\/p>\n<p><i>&#8220;Lebhaft,leicht&#8221;<\/i><\/p>\n<p><i>&#8220;Rasch und mit feuer&#8221;<\/i><\/p>\n<p>&nbsp;<\/p>\n<p><b>F. Proto <\/b>&#8211; &#8220;Nine variants on Paganini theme&#8221;<\/p>\n<p><b>\u00a0<\/b><\/p>\n<p>&nbsp;<\/p>\n<h3><b>BIOGRAFIJA<\/b><\/h3>\n<p>&nbsp;<\/p>\n<p><b>Petru\u0161 Petru\u0161evski<\/b> (1986, Skoplje), kontrabas<\/p>\n<p>Osnovne i magistarske studije zavr\u0161io na Fakultetu muzi\u010dke umetnosti u Skoplju u klasi prof. Velka Todevskog. Trenutno je na istom Fakultetu na doktorskim studijama.<\/p>\n<p>Nastupao kao solista sa Makedonskom filharmonijom, Orkestrom Fakulteta Muzi\u010dke umetnosti u Skoplju i sa Makedonskim kamernim orkestorm. Resitale odr\u017eao u Makedoniji, Srbiji, Hravtskoj, \u010ce\u0161koj&#8230;<\/p>\n<p>Sara\u0111ivao sa velikim brojem svetski poznatim dirigentima i solistima: Pjer Bulez,Filip Zordan,Igor Koreti, Liana Isakadze, Hajnrih Shif, Mark Kopej, Premil Pertovi\u0107, Misha Katz&#8230;<\/p>\n<p>Aktivno u\u010destvovao na seminarima u Nema\u010dkoj, Izraelu i \u010ce\u0161koj.<\/p>\n<p>&nbsp;<\/p>\n<p><b>Elena Atanasovska-Ivanovska <\/b>(klavir), ro\u0111ena je u Skoplju 1981. Muzi\u010dko obrazovanje je po\u010dela sa \u0161est godina u Muzi\u010dkoj i baletskoj \u0161koli <i>Ilija Nikolovski-Luj<\/i> u Skoplju, kod prof. Lepe Mrmevske. Zavr\u0161ila je studije sa najve\u0107om ocenom <i>cum laude<\/i> na Fakultetu muzi\u010dke umetnosti u Skoplju, u klasi eminentnog prof. Borisa Romanova. Dobila je nagradu za najboljeg studenta Fondacije <i>Frank Manning<\/i> 2003. Zavr\u0161ila je postdiplomske studije (2005). Trenutno zavr\u0161ava doktorske studije pod mentorstvom prof. mr. Borisa Romanova.<\/p>\n<p>Tokom muzi\u010dkog obrazovanja, osvojila je vi\u0161e priznanja na nacionalnim i me\u0111unarodnim takmi\u010denjima: I nagradu na me\u0111unarodnom takmi\u010denju <i>Concorso Musicale Internazionale Rovere d&#8217;Oro<\/i> u kategoriji klavirski duo, u San Bartolomeu, Italija (1996); II nagradu na istom takmi\u010denju u kategoriji solo klavir (1996); II nagradu na takmi\u010denju <i>Muzika i Zemlja<\/i> u kategoriji kamernih sastava, Sofija, Bugarska (1996); III nagradu na <i>\u0160openovom takmi\u010denju <\/i>u Novom Sadu, Srbija (1997).<\/p>\n<p>Nastupa kao solista sa Makedonskom Filharmonijom. Kao solista i kamerni muzi\u010dar predstavila se publici u: Makedoniji, Gr\u010dkoj, Srbiji, Bugarskoj, Republici \u010ce\u0161koj,Rusiji, \u0160paniji, Portugaliji, Bosni i Hercegovini<b> <\/b>i SAD. Nastupala je na koncertima uokviru festivala: <i>Ohridsko leto<\/i>, <i>Skopsko leto<\/i>, <i>Dani makedonske muzike<\/i>, <i>Gevgelijska jesen<\/i>, <i>Bitoljsko leto<\/i>, <i>Interfest<\/i> i dr. Ostvarila je i saradnju sa renomiranim muzi\u010dkim umetnicima iz Republike Makedonije. Trenutno je korepetitor na Fakultetu muzi\u010dke umetnosti u Skoplju.<\/p>\n","protected":false},"excerpt":{"rendered":"<p>Petak 17. maj 2013. 20h Koncertno &#8211; izlo\u017ebeni prostor FU, Knja\u017eeva\u010dka 2a ULAZ UZ ULAZNICU \u00a0 Petru\u0161 Petru\u0161evski, kontrabas \u00a0 \u00a0 PROGRAM &nbsp; F.Shubert &#8211; Arpeggione sonata &nbsp; R.Schumann &#8211; Phantasiestucke op.73 &#8220;Zart und mit Ausdruck&#8221; &#8220;Lebhaft,leicht&#8221; &#8220;Rasch und mit feuer&#8221; &nbsp; F. Proto &#8211; &#8220;Nine variants on Paganini theme&#8221; \u00a0 &nbsp; BIOGRAFIJA &nbsp; Petru\u0161 [&hellip;]<\/p>\n","protected":false},"author":1,"featured_media":718,"comment_status":"open","ping_status":"open","sticky":false,"template":"","format":"standard","meta":{"ngg_post_thumbnail":0},"categories":[3,1],"tags":[],"_links":{"self":[{"href":"http:\/\/koncertnasezona.artf.ni.ac.rs\/index.php\/wp-json\/wp\/v2\/posts\/683"}],"collection":[{"href":"http:\/\/koncertnasezona.artf.ni.ac.rs\/index.php\/wp-json\/wp\/v2\/posts"}],"about":[{"href":"http:\/\/koncertnasezona.artf.ni.ac.rs\/index.php\/wp-json\/wp\/v2\/types\/post"}],"author":[{"embeddable":true,"href":"http:\/\/koncertnasezona.artf.ni.ac.rs\/index.php\/wp-json\/wp\/v2\/users\/1"}],"replies":[{"embeddable":true,"href":"http:\/\/koncertnasezona.artf.ni.ac.rs\/index.php\/wp-json\/wp\/v2\/comments?post=683"}],"version-history":[{"count":14,"href":"http:\/\/koncertnasezona.artf.ni.ac.rs\/index.php\/wp-json\/wp\/v2\/posts\/683\/revisions"}],"predecessor-version":[{"id":717,"href":"http:\/\/koncertnasezona.artf.ni.ac.rs\/index.php\/wp-json\/wp\/v2\/posts\/683\/revisions\/717"}],"wp:featuredmedia":[{"embeddable":true,"href":"http:\/\/koncertnasezona.artf.ni.ac.rs\/index.php\/wp-json\/wp\/v2\/media\/718"}],"wp:attachment":[{"href":"http:\/\/koncertnasezona.artf.ni.ac.rs\/index.php\/wp-json\/wp\/v2\/media?parent=683"}],"wp:term":[{"taxonomy":"category","embeddable":true,"href":"http:\/\/koncertnasezona.artf.ni.ac.rs\/index.php\/wp-json\/wp\/v2\/categories?post=683"},{"taxonomy":"post_tag","embeddable":true,"href":"http:\/\/koncertnasezona.artf.ni.ac.rs\/index.php\/wp-json\/wp\/v2\/tags?post=683"}],"curies":[{"name":"wp","href":"https:\/\/api.w.org\/{rel}","templated":true}]}}